{"id":783,"date":"2009-08-12T19:19:00","date_gmt":"2009-08-12T19:19:00","guid":{"rendered":"http:\/\/peresabat.wordpress.com\/2009\/08\/12\/batasuna-part-de-la-solucio"},"modified":"2009-08-12T19:19:00","modified_gmt":"2009-08-12T19:19:00","slug":"batasuna-part-de-la-solucio","status":"publish","type":"post","link":"https:\/\/www.blocdelsabat.cat\/?p=783","title":{"rendered":"Batasuna: Part de la Soluci\u00f3"},"content":{"rendered":"<p><a href=\"http:\/\/peresabat.files.wordpress.com\/2009\/08\/batasuna1.jpg\"><img decoding=\"async\" alt=\"\" src=\"http:\/\/peresabat.files.wordpress.com\/2009\/08\/batasuna1.jpg?w=300\" border=\"0\" \/><\/a><\/p>\n<div align=\"justify\"><span style=\"font-family:arial;font-size:130%;\">En diversos articles he mostrat el meu convenciment de qu\u00e8 a les institucions i partits espanyols no els hi interessa que ETA desaparegui del mapa d\u2019actors de la societat basca i espanyola. Fins ara el gran puntal per poder afirmar aquesta conclusi\u00f3 era que tant PP com PSOE els interessava ETA per estigmatizar tot el moviment nacional basc i per frenar les apostes independentistes com per exemple el Pla Ibarretxe, ja que d\u2019aquesta manera podien jugar amb m\u00e9s cartes sobre la taula.<\/span><span style=\"font-family:arial;font-size:130%;\"><br \/>Ara per\u00f2 s\u2019hi suma un nou motiu: l\u2019institucional basc. Si ETA desapareix, podran PP i PSOE governar junts com ara? Que ETA continu\u00ef existint els beneficia per, precisament, mantenir les quotes de poder que han guanyat aquest any a partir de les eleccions &#8220;tonejades&#8221; del passat mar\u00e7, on gr\u00e0cies a l\u2019exclusi\u00f3 de les forces de l\u2019esquerra abertzale, van poder formar majoria nacionalconstitucionalista al Parlament de Gasteiz. <\/span><\/div>\n<p><span style=\"font-family:arial;font-size:130%;\"><\/p>\n<div align=\"justify\">La voluntat de les forces espanyoles de mantenir la repressi\u00f3 juridico-pol\u00edtica per fer callar a m\u00e9s del 16% de la poblaci\u00f3 basca sembla que no t\u00e9 massa la intenci\u00f3 d\u2019acabar. Ahir el ministre de l\u2019interior P\u00e9rez Rubalcaba va afirmar de qu\u00e8 &#8220;habr\u00e1 de desaparecer ETA para que Batasuna sea legal&#8221;. Realment aquesta frase \u00e9s d\u2019una mesquinesa de l\u2019al\u00e7ada d\u2019un campanar.<br \/>Com que Batasuna ser\u00e0 legal quan ETA desaparegui? No senyor. Batasuna haur\u00e0 de ser legal quan condemni la viol\u00e8ncia, hi hagi o no hi hagi ETA. <\/div>\n<div align=\"justify\">Costa d\u2019entendre que una persona com Rubalcaba intenti torejar-se la &#8220;seva&#8221; llei de partits de manera tan poc decorosa. La il\u00b7leg\u00edtima llei de partits no diu que els partits de l\u2019esquerra abertzale seran il\u00b7legals mentre ETA existeixi, sin\u00f3 que afirma que qualsevol partit que no rebutgi la viol\u00e8ncia ser\u00e0 il\u00b7legal. <\/div>\n<div align=\"justify\">La veritat \u00e9s que el tema d\u2019Euskal Herria cansa des de fa massa temps. Mentre a la banda espanyola hi hagi energ\u00famens com Rubalcaba, Acebes, Aznar o Patxi L\u00f3pez la pau i la normalitzaci\u00f3 pol\u00edtica ser\u00e0 pr\u00e0cticament impossible. Cert \u00e9s que els de la banda abertzale no ajuden, per\u00f2 poc podran fer si des d\u2019Espanya no es fa m\u00e9s que donar garrotades a l\u2019actor pol\u00edtic que, vulguin o no, ser\u00e0 clau per poder avan\u00e7ar cap a un escenari sense viol\u00e8ncia, \u00e9s a dir, Batasuna.<br \/>Batasuna \u00e9s l\u2019element clau per poder avan\u00e7ar, Batasuna ha de fer el pas de rebutjar la viol\u00e8ncia, s\u00ed, per\u00f2 l\u2019estat ha de fer que la muntanya sigui amb un pendent assequible. Cosa que actualment no fa. <\/div>\n<div align=\"justify\">Si l\u2019immobilisme espanyol continua, acabaran donant la ra\u00f3 als radicals i no faran m\u00e9s que permetre que el conflicte es perpetu\u00ef, i aix\u00ed pels segles dels segles. La manera d\u2019avan\u00e7ar \u00e9s permeten que l\u2019esquerra abertzale es reunifiqui i es torni al di\u00e0leg. Qualsevol altra opci\u00f3 est\u00e0 condemnada al frac\u00e0s.<\/div>\n<p><\/span><\/p>\n<div class=\"blogger-post-footer\"><img width='1' height='1' src='https:\/\/blogger.googleusercontent.com\/tracker\/2467933452740288616-5949052657998663798?l=peresabat.blogspot.com' alt='' \/><\/div>\n","protected":false},"excerpt":{"rendered":"<p>En diversos articles he mostrat el meu convenciment de qu\u00e8 a les institucions i partits espanyols no els hi interessa que ETA desaparegui del mapa d\u2019actors de la societat basca i espanyola. Fins ara el gran puntal per poder afirmar aquesta conclusi\u00f3 era que tant PP com PSOE els interessava ETA per estigmatizar tot el&#8230;<\/p>\n","protected":false},"author":2,"featured_media":0,"comment_status":"open","ping_status":"open","sticky":false,"template":"","format":"standard","meta":{"footnotes":""},"categories":[26],"tags":[],"class_list":["post-783","post","type-post","status-publish","format-standard","hentry","category-uncategorized"],"_links":{"self":[{"href":"https:\/\/www.blocdelsabat.cat\/index.php?rest_route=\/wp\/v2\/posts\/783","targetHints":{"allow":["GET"]}}],"collection":[{"href":"https:\/\/www.blocdelsabat.cat\/index.php?rest_route=\/wp\/v2\/posts"}],"about":[{"href":"https:\/\/www.blocdelsabat.cat\/index.php?rest_route=\/wp\/v2\/types\/post"}],"author":[{"embeddable":true,"href":"https:\/\/www.blocdelsabat.cat\/index.php?rest_route=\/wp\/v2\/users\/2"}],"replies":[{"embeddable":true,"href":"https:\/\/www.blocdelsabat.cat\/index.php?rest_route=%2Fwp%2Fv2%2Fcomments&post=783"}],"version-history":[{"count":0,"href":"https:\/\/www.blocdelsabat.cat\/index.php?rest_route=\/wp\/v2\/posts\/783\/revisions"}],"wp:attachment":[{"href":"https:\/\/www.blocdelsabat.cat\/index.php?rest_route=%2Fwp%2Fv2%2Fmedia&parent=783"}],"wp:term":[{"taxonomy":"category","embeddable":true,"href":"https:\/\/www.blocdelsabat.cat\/index.php?rest_route=%2Fwp%2Fv2%2Fcategories&post=783"},{"taxonomy":"post_tag","embeddable":true,"href":"https:\/\/www.blocdelsabat.cat\/index.php?rest_route=%2Fwp%2Fv2%2Ftags&post=783"}],"curies":[{"name":"wp","href":"https:\/\/api.w.org\/{rel}","templated":true}]}}