{"id":834,"date":"2009-09-23T15:48:00","date_gmt":"2009-09-23T15:48:00","guid":{"rendered":"http:\/\/peresabat.wordpress.com\/2009\/09\/23\/sobre-els-informes-del-govern"},"modified":"2009-09-23T15:48:00","modified_gmt":"2009-09-23T15:48:00","slug":"sobre-els-informes-del-govern","status":"publish","type":"post","link":"https:\/\/www.blocdelsabat.cat\/?p=834","title":{"rendered":"Sobre els Informes del Govern"},"content":{"rendered":"<p><a href=\"http:\/\/peresabat.files.wordpress.com\/2009\/09\/informes1.jpg\"><img decoding=\"async\" alt=\"\" src=\"http:\/\/peresabat.files.wordpress.com\/2009\/09\/informes1.jpg?w=300\" border=\"0\" \/><\/a><\/p>\n<div align=\"justify\"><span style=\"font-family:arial;font-size:130%;\">L\u2019\u00faltima pol\u00e8mica que est\u00e0 embolicant la pol\u00edtica catalana, deixant de banda el pim-pam-pum sobre el cas Millet entre PSC i CiU, \u00e9s la informaci\u00f3 donada per el Govern de qu\u00e8 hi ha aproximadament un 10% dels informes que es demanen que s\u00f3n innecessaris i que a m\u00e9s tamb\u00e9 una altra part s\u00f3n informes que es podrien realitzar des de la mateixa Administraci\u00f3. <\/span><\/div>\n<p><span style=\"font-family:arial;font-size:130%;\"><\/p>\n<div align=\"justify\">Aquesta informaci\u00f3 per\u00f2 no va sortir de cap confidencial ni de cap diari, sin\u00f3 que va ser el mateix Govern que va informar, donant un clar exemple del qu\u00e8 \u00e9s transpar\u00e8ncia. No crec que hi hagi masses governs al m\u00f3n que publiquin les xifres que es gasten en informes, ni tampoc en si aquests informes s\u00f3n o no s\u00f3n necessaris. No s\u00e9 si n\u2019hi ha gaires, per\u00f2 el de Catalunya ho fet.<br \/>Que el Govern informi d\u2019un fet que \u00e9s negatiu per ell, malgastament de diner p\u00fablic, ha enc\u00e8s l\u2019oposici\u00f3 i fins i tot alg\u00fa ja ha demanat que s\u2019han d\u2019exigir responsabilitats pol\u00edtiques. \u00c9s evident de qu\u00e8 els diners de la Generalitat s\u2019han d\u2019administrar correctament i que per exemple pagar 12000 euros per un informe per saber si els catalans que es diuen P\u00e9rez compren m\u00e9s formatge que els que es diuen Garcia \u00e9s innegable que ens trobar\u00edem davant d\u2019un cas de malgastament i d\u2019un informe innecessari. <\/div>\n<div align=\"justify\">Ara b\u00e9, tot i que s\u2019ha d\u2019exigir al Govern que sigui escrupul\u00f3s en els informes que demana i que responguin a una necessitat real, el que trobo que \u00e9s lamentable \u00e9s que l\u2019oposici\u00f3 hagi saltat com ho ha fet. \u00c9s comprensible, s\u00ed, per\u00f2 lamentable.<br \/>Artur Mas surt i demana que hi hauria d\u2019haver responsabilitats pol\u00edtiques per aquests informes. Realment que Mas demani aix\u00f2 t\u00e9 gr\u00e0cia. Ell que era el n\u00famero dos del govern de Pujol que feia informes sobre a qui votarien els ciutadans si CiU es present\u00e9s en unes eleccions per separat. Suposo que veient els resultats van veure que millor segur junts. O per exemple informes sobre qui tenia m\u00e9s credibilitat, s\u00ed Maragall o Pujol. I aix\u00ed molts i molts d\u2019altres.<\/div>\n<div align=\"justify\">Que Mas surti ara a demanar responsabilitats doncs la veritat, no \u00e9s quelcom que trobi massa normal. Per qu\u00e8 a veure, quina \u00e9s l\u2019alternativa de l\u2019acci\u00f3 que ha fet el Govern de fer p\u00fablic els resultats de l\u2019an\u00e0lisi dels informes? L\u2019alternativa que tenia el Govern era la de callar, la d\u2019amagar la realitat, la d\u2019opacitat. En definitiva l\u2019opci\u00f3 alternativa era la que hi havia durant els 23 anys de Converg\u00e8ncia al Govern de la Generalitat, l\u2019opci\u00f3 de tancar els informes en un calaix i de no donar explicacions. Amb aquesta alternativa \u00e9s evident de qu\u00e8 fins que no hi hagu\u00e9s un canvi al Govern els informes quedarien &#8220;salvats&#8221; de la llum p\u00fablica. \u00c9s aix\u00f2 el que volem?<\/div>\n<div align=\"justify\">Un dia ens haurem de plantejar seriosament qu\u00e8 volem que sigui la pol\u00edtica. Haurem de plantejar-nos si volem que sigui un circ on tot es faci perfecte i genial i on no es cometin errors o per contra si estem disposats a acceptar que la pol\u00edtica la fan persones tan imperfectes com nosaltres que evidentment tamb\u00e9 cometen errors i que no tot ho fan b\u00e9. I compte amb el que triem, perqu\u00e8 si triem la primera opci\u00f3 estarem demanat a la classe pol\u00edtica que faci tot all\u00f2 possible per enganyar-nos i presentar-nos un conte de fades que no tindr\u00e0 cap semblan\u00e7a amb la realitat. I sincerament, tot i els errors que es puguin cometre, prefereixo la segona opci\u00f3.<br \/><\/span><\/div>\n<div class=\"blogger-post-footer\"><img width='1' height='1' src='https:\/\/blogger.googleusercontent.com\/tracker\/2467933452740288616-1877101246843458118?l=peresabat.blogspot.com' alt='' \/><\/div>\n","protected":false},"excerpt":{"rendered":"<p>L\u2019\u00faltima pol\u00e8mica que est\u00e0 embolicant la pol\u00edtica catalana, deixant de banda el pim-pam-pum sobre el cas Millet entre PSC i CiU, \u00e9s la informaci\u00f3 donada per el Govern de qu\u00e8 hi ha aproximadament un 10% dels informes que es demanen que s\u00f3n innecessaris i que a m\u00e9s tamb\u00e9 una altra part s\u00f3n informes que es&#8230;<\/p>\n","protected":false},"author":2,"featured_media":0,"comment_status":"open","ping_status":"open","sticky":false,"template":"","format":"standard","meta":{"footnotes":""},"categories":[26],"tags":[],"class_list":["post-834","post","type-post","status-publish","format-standard","hentry","category-uncategorized"],"_links":{"self":[{"href":"https:\/\/www.blocdelsabat.cat\/index.php?rest_route=\/wp\/v2\/posts\/834","targetHints":{"allow":["GET"]}}],"collection":[{"href":"https:\/\/www.blocdelsabat.cat\/index.php?rest_route=\/wp\/v2\/posts"}],"about":[{"href":"https:\/\/www.blocdelsabat.cat\/index.php?rest_route=\/wp\/v2\/types\/post"}],"author":[{"embeddable":true,"href":"https:\/\/www.blocdelsabat.cat\/index.php?rest_route=\/wp\/v2\/users\/2"}],"replies":[{"embeddable":true,"href":"https:\/\/www.blocdelsabat.cat\/index.php?rest_route=%2Fwp%2Fv2%2Fcomments&post=834"}],"version-history":[{"count":0,"href":"https:\/\/www.blocdelsabat.cat\/index.php?rest_route=\/wp\/v2\/posts\/834\/revisions"}],"wp:attachment":[{"href":"https:\/\/www.blocdelsabat.cat\/index.php?rest_route=%2Fwp%2Fv2%2Fmedia&parent=834"}],"wp:term":[{"taxonomy":"category","embeddable":true,"href":"https:\/\/www.blocdelsabat.cat\/index.php?rest_route=%2Fwp%2Fv2%2Fcategories&post=834"},{"taxonomy":"post_tag","embeddable":true,"href":"https:\/\/www.blocdelsabat.cat\/index.php?rest_route=%2Fwp%2Fv2%2Ftags&post=834"}],"curies":[{"name":"wp","href":"https:\/\/api.w.org\/{rel}","templated":true}]}}