{"id":841,"date":"2009-09-29T17:13:00","date_gmt":"2009-09-29T17:13:00","guid":{"rendered":"http:\/\/peresabat.wordpress.com\/2009\/09\/29\/lspd-i-esquerra-camins-similars"},"modified":"2009-09-29T17:13:00","modified_gmt":"2009-09-29T17:13:00","slug":"lspd-i-esquerra-camins-similars","status":"publish","type":"post","link":"https:\/\/www.blocdelsabat.cat\/?p=841","title":{"rendered":"L&#8217;SPD i Esquerra. Camins Similars?"},"content":{"rendered":"<p><a href=\"http:\/\/peresabat.files.wordpress.com\/2009\/09\/elegir1.jpg\"><img decoding=\"async\" alt=\"\" src=\"http:\/\/peresabat.files.wordpress.com\/2009\/09\/elegir1.jpg?w=300\" border=\"0\" \/><\/a><\/p>\n<div align=\"justify\"><span style=\"font-family:arial;font-size:130%;\">Avui tota la premsa s\u2019ha llen\u00e7at a parlar de la gran davallada de la socialdemocr\u00e0cia alemanya, que ha perdut 11 punts en relaci\u00f3 a les eleccions del 2005 i que a m\u00e9s ha quedat a uns deu punts de la partit cristianodem\u00f2crata d\u2019Angela Merkel. I per acabar de fer gran el cop, han de deixar el govern despr\u00e8s d\u2019onze anys.<\/span><\/div>\n<p><span style=\"font-family:arial;font-size:130%;\"><\/p>\n<div align=\"justify\">Un dels elements que han centrat el declivi de l\u2019SPD ha estat sens dubte la seva abra\u00e7ada a les pol\u00edtiques neoliberals d\u2019aprimament de l\u2019estat del benestar i a les privatitzacions. L\u2019SPD des de que va arribar al poder als noranta s\u2019ha comportat com una esp\u00e8cie de partit liberal moderat. I l\u2019SPD no \u00e9s aix\u00f2. L\u2019SPD \u00e9s la socialdemocr\u00e0cia m\u00e9s antiga d\u2019Europa, l\u2019SPD \u00e9s el constructor de l\u2019estat de benestar alemany, i en cap cas havia de ser el seu destructor. L\u2019SPD va arribar tard a l\u2019aplicaci\u00f3 de les pol\u00edtiques de Reaggen o Thatcher. El temps del liberalisme van ser els vuitanta, no els \u00faltims dels noranta. <\/div>\n<div align=\"justify\">L\u2019SPD doncs, ha patit una crisi galopant perqu\u00e8 han governat i intentat salvar un sistema el qual ells sempre havien criticat. L\u2019SPD no era un partit liberal, per\u00f2 en canvi actuava com a tal per m\u00e9s que els seus discursos mantinguessin la l\u00ednia contraria, la socialdem\u00f2crata. \u00c9s aquest fet el que va portar a un grup de militants a crear Die Linke \u2013l\u2019esquerra- un partit que defensa una pol\u00edtica socialdem\u00f2crata i que en les eleccions de diumenge ha escalat fins al 12% del vot federal, a m\u00e9s que t\u00e9 serioses opcions de governar en diversos estats. <\/div>\n<div align=\"justify\">No dubto que la direcci\u00f3 de l\u2019SPD va considerar que era el millor per Alemanya i per el partit abra\u00e7ar les pol\u00edtiques liberals, unes pol\u00edtiques que s\u2019havien demostrat \u00fatils en altres pa\u00efsos.<br \/>Aquesta mateixa reflexi\u00f3 estic segur que la va fer una altra direcci\u00f3 del nostre pa\u00eds.<\/div>\n<div align=\"justify\">L\u2019any 2003 Esquerra va fer una gran aposta: reforma de l\u2019estatut d\u2019autonomia per avan\u00e7ar cap a la independ\u00e8ncia. Aquesta aposta era agosarada ja que implicava canvis en el Govern de la Generalitat i iniciar una entesa amb l\u2019esquerra espanyola, que a l\u2019oposici\u00f3, feia un discurs &#8220;acceptable&#8221; en relaci\u00f3 a la plurinacionalitat de l\u2019estat espanyol. Quan l\u2019estatut naufraga a Madrid amb l\u2019acord Mas-Zapatero, l\u2019estrat\u00e8gia d\u2019Esquerra es veu tocada, per\u00f2 tot i aix\u00f2 al 2006 ref\u00e0 l\u2019aposta de pactar amb el PSC a Catalunya amb l\u2019argument de desenvolupar el marc auton\u00f2mic a partir del &#8220;catalanisme social&#8221;.<br \/>Aquest segon pacte coincideix amb el trencament de l\u2019estat de les autonomies, un enfonsament que l\u2019ha propiciat el mateix estatut que ara espera la sent\u00e8ncia de mort per part del Tribunal Constitucional.<br \/>Esquerra doncs, s\u2019ha trobat governant un sistema, l\u2019auton\u00f2mic, en el qual no creia ni ha cregut mai, per\u00f2 que a partir d\u2019una estrat\u00e8gia consistent en la reforma d\u2019aquest, actualment n\u2019est\u00e0 sent &#8220;c\u00f2mplice&#8221;. Que Esquerra s\u2019estigui empassant aquest esfondrament, sincerament, em sembla cruel, ja que \u00e9s Esquerra qui m\u00e9s ha lluitat per superar-lo. Tot i aix\u00f2, ara com ara, Esquerra est\u00e0 governant, i per tant tamb\u00e9 \u00e9s responsable d\u2019aquest trencament. <\/div>\n<div align=\"justify\">Tan l\u2019SPD com Esquerra podrien haver sortit refor\u00e7ats per el col\u00b7lapse d\u2019uns sistemes contraris als seus, per\u00f2 que a partir d\u2019intentar reformar-los per acostar els seus somnis a la realitat, els ha fet c\u00f2mplices d\u2019uns sistemes i d\u2019unes pol\u00edtiques en les quals no creien. <\/div>\n<div align=\"justify\">Per solucionar-ho l\u2019SPD ja ha fet tard, per\u00f2 Esquerra encara hi \u00e9s a temps.<\/div>\n<p><\/span><\/p>\n<div class=\"blogger-post-footer\"><img width='1' height='1' src='https:\/\/blogger.googleusercontent.com\/tracker\/2467933452740288616-1375710326128239885?l=peresabat.blogspot.com' alt='' \/><\/div>\n","protected":false},"excerpt":{"rendered":"<p>Avui tota la premsa s\u2019ha llen\u00e7at a parlar de la gran davallada de la socialdemocr\u00e0cia alemanya, que ha perdut 11 punts en relaci\u00f3 a les eleccions del 2005 i que a m\u00e9s ha quedat a uns deu punts de la partit cristianodem\u00f2crata d\u2019Angela Merkel. I per acabar de fer gran el cop, han de deixar&#8230;<\/p>\n","protected":false},"author":2,"featured_media":0,"comment_status":"open","ping_status":"open","sticky":false,"template":"","format":"standard","meta":{"footnotes":""},"categories":[26],"tags":[],"class_list":["post-841","post","type-post","status-publish","format-standard","hentry","category-uncategorized"],"_links":{"self":[{"href":"https:\/\/www.blocdelsabat.cat\/index.php?rest_route=\/wp\/v2\/posts\/841","targetHints":{"allow":["GET"]}}],"collection":[{"href":"https:\/\/www.blocdelsabat.cat\/index.php?rest_route=\/wp\/v2\/posts"}],"about":[{"href":"https:\/\/www.blocdelsabat.cat\/index.php?rest_route=\/wp\/v2\/types\/post"}],"author":[{"embeddable":true,"href":"https:\/\/www.blocdelsabat.cat\/index.php?rest_route=\/wp\/v2\/users\/2"}],"replies":[{"embeddable":true,"href":"https:\/\/www.blocdelsabat.cat\/index.php?rest_route=%2Fwp%2Fv2%2Fcomments&post=841"}],"version-history":[{"count":0,"href":"https:\/\/www.blocdelsabat.cat\/index.php?rest_route=\/wp\/v2\/posts\/841\/revisions"}],"wp:attachment":[{"href":"https:\/\/www.blocdelsabat.cat\/index.php?rest_route=%2Fwp%2Fv2%2Fmedia&parent=841"}],"wp:term":[{"taxonomy":"category","embeddable":true,"href":"https:\/\/www.blocdelsabat.cat\/index.php?rest_route=%2Fwp%2Fv2%2Fcategories&post=841"},{"taxonomy":"post_tag","embeddable":true,"href":"https:\/\/www.blocdelsabat.cat\/index.php?rest_route=%2Fwp%2Fv2%2Ftags&post=841"}],"curies":[{"name":"wp","href":"https:\/\/api.w.org\/{rel}","templated":true}]}}