{"id":843,"date":"2009-10-03T16:27:00","date_gmt":"2009-10-03T16:27:00","guid":{"rendered":"http:\/\/peresabat.wordpress.com\/2009\/10\/03\/que-bonic-es-participar"},"modified":"2009-10-03T16:27:00","modified_gmt":"2009-10-03T16:27:00","slug":"que-bonic-es-participar","status":"publish","type":"post","link":"https:\/\/www.blocdelsabat.cat\/?p=843","title":{"rendered":"Que Bonic \u00e9s Participar!"},"content":{"rendered":"<p><a href=\"http:\/\/peresabat.files.wordpress.com\/2009\/10\/rio1.jpg\"><img decoding=\"async\" alt=\"\" src=\"http:\/\/peresabat.files.wordpress.com\/2009\/10\/rio1.jpg?w=300\" border=\"0\" \/><\/a><\/p>\n<div align=\"justify\"><span style=\"font-family:arial;font-size:130%;\">No va poder ser \u2013ohohohoh-. Ni a la tercera ha anat la ven\u00e7uda \u2013ohohohoh-. Altre cop pels p\u00e8ls \u2013ohohohoh-. &#8220;Volveremos&#8221; \u2013hahahaha-. El COI \u00e9s aix\u00ed \u2013ohohohoh-. En resum: Madrid NO organitzar\u00e0 els Jocs Ol\u00edmpics del 2016 \u2013ohohohohoh-.<\/span><\/div>\n<p><span style=\"font-family:arial;font-size:130%;\"><\/p>\n<div align=\"justify\">Ahir quant totes les r\u00e0dios espanyoles treien salivera en veure\u2019s a la final i al fet d\u2019estar a un pas molt petit per veure acomplert el somni de la capital del que va ser un dels Imperis m\u00e9s sanguinaris de la hist\u00f2ria, el somni va tornar a trencar-se i a esfumar-se igual que fa quatre anys a Singapur.<br \/>Fa quatre anys Madrid ni tan sols va arribar a la final ja que es va veure despla\u00e7ada per capitals europees de veritat com Londres i Par\u00eds. Ahir, Madrid es va col\u00b7locar a dalt de tot per jugar-s\u2019ho amb Rio. Per\u00f2 altre cop la sort els va girar l\u2019esquena, i els jocs van agafar l\u2019avi\u00f3 i tot travessant l\u2019Atl\u00e0ntic, van anar a parar a Sud Am\u00e8rica. <\/div>\n<div align=\"justify\">Per\u00f2 b\u00e9, tal i com avui publicava el no-nacionalista diari El Mundo &#8220;<em>Madrid 2016 ha muerto; Viva Madrid 2020!&#8221;.<\/em> Realment el sentiment d\u2019inferioritat que pateixen a la capital del &#8220;reino&#8221; \u00e9s molt, molt, molt greu. Que pateixin aquest s\u00edndrome \u00e9s normal si es t\u00e9 en compte que \u00e9s l\u2019\u00fanica capital d\u2019estat europea que MAI ha tingut uns jocs ol\u00edmpics, i que ha hagut de veure com Barcelona l\u2019humiliava fent els millors JJOO de la hist\u00f2ria. \u00c9s degut a aquest sentiment d\u2019inferioritat i impot\u00e8ncia que davant de cada frac\u00e0s, i ja en van tres, des de les catacumbes de la brunete pol\u00edtica i medi\u00e0tica s\u2019esmercen en comen\u00e7ar a plantejar el pr\u00f2xim desafiament. Madrid no es pot permetre continuar fracassant en l\u2019olimpisme ja que celebrar els Jocs a Madrid \u00e9s una q\u00fcesti\u00f3 d\u2019estat. <\/div>\n<div align=\"justify\">Sincerament no puc amagar que vaig alegrar-me de qu\u00e8 Madrid no fos elegida ciutat ol\u00edmpica, vaig alegrar-me\u2019n igual que vaig patir certa preocupaci\u00f3, compartida per les companys de classe, quan Madrid va passar a la final. <\/div>\n<div align=\"justify\">I me\u2019n vaig alegrar per tres motius.<\/div>\n<div align=\"justify\">Primerament perqu\u00e8 no m\u2019emocionava una marea de nacionalconstitucionalisme durant set anys. La meva salut de moment ha sabut passar per alt la grip A, per\u00f2 no podria assegurar si resistiria un embat d\u2019aquestes caracter\u00edstiques.<br \/>En segon lloc perqu\u00e8 econ\u00f2micament Catalunya se\u2019n ressentiria. L\u2019estat espanyol s\u2019ha comprom\u00e8s a invertir 17.000 milions d\u2019euros, una xifra que evidentment sortir\u00e0 en gran part de l\u2019esfor\u00e7 fiscal dels ciutadans de Catalunya, ja que el d\u00e8ficit fiscal anual que pateix el pa\u00eds envers Espanya \u00e9s de 22.000 milions. I posats a invertir els diners que ens roben, millor que ho facin a les zones del Regne d\u2019Espanya on estan endarrerits econ\u00f2micament, m\u00e9s que no pas a la gran ciutat del futur nou imperi.<br \/>I per \u00faltim per una q\u00fcesti\u00f3 de dignitat. En la candidatura de Madrid constava com a subseu de futbol la capital del pa\u00eds. El Mundo ja tindria el gran titular: Madrid: ciutat ol\u00edmpica; Barcelona subseu ol\u00edmpica, de Madrid.<br \/>No \u00e9s acceptable que Barcelona sigui subseu de Madrid, m\u00e9s que res perqu\u00e8 en la centen\u00e0ria hist\u00f2ria de l\u2019olimpisme, mai cap ciutat que pr\u00e8viament hagu\u00e9s estat ol\u00edmpica ha passat despr\u00e8s a ser una trista subseu d\u2019una altra. Munic \u00e9s Munic i no una subseu de Berl\u00edn. Mil\u00e0 \u00e9s Mil\u00e0 i no una trista subseu de Roma. Los Angeles \u00e9s Los Angeles i no una trista subseu de Chicago. Doncs Barcelona \u00e9s Barcelona i no una trista subseu de Madrid. <\/div>\n<div align=\"justify\">Finalment no voldria acabar sense felicitar a la candidatura de Rio de Janeiro per aquest gran triomf, i evidentment tamb\u00e9 un missatge per Madrid: Doncs res, que tranquils, que ja sabeu qu\u00e8 diuen, que el m\u00e9s important \u00e9s participar!<\/div>\n<p><\/span><\/p>\n<div class=\"blogger-post-footer\"><img width='1' height='1' src='https:\/\/blogger.googleusercontent.com\/tracker\/2467933452740288616-2507577848809602490?l=peresabat.blogspot.com' alt='' \/><\/div>\n","protected":false},"excerpt":{"rendered":"<p>No va poder ser \u2013ohohohoh-. Ni a la tercera ha anat la ven\u00e7uda \u2013ohohohoh-. Altre cop pels p\u00e8ls \u2013ohohohoh-. &#8220;Volveremos&#8221; \u2013hahahaha-. El COI \u00e9s aix\u00ed \u2013ohohohoh-. En resum: Madrid NO organitzar\u00e0 els Jocs Ol\u00edmpics del 2016 \u2013ohohohohoh-. Ahir quant totes les r\u00e0dios espanyoles treien salivera en veure\u2019s a la final i al fet d\u2019estar a&#8230;<\/p>\n","protected":false},"author":2,"featured_media":0,"comment_status":"open","ping_status":"open","sticky":false,"template":"","format":"standard","meta":{"footnotes":""},"categories":[26],"tags":[],"class_list":["post-843","post","type-post","status-publish","format-standard","hentry","category-uncategorized"],"_links":{"self":[{"href":"https:\/\/www.blocdelsabat.cat\/index.php?rest_route=\/wp\/v2\/posts\/843","targetHints":{"allow":["GET"]}}],"collection":[{"href":"https:\/\/www.blocdelsabat.cat\/index.php?rest_route=\/wp\/v2\/posts"}],"about":[{"href":"https:\/\/www.blocdelsabat.cat\/index.php?rest_route=\/wp\/v2\/types\/post"}],"author":[{"embeddable":true,"href":"https:\/\/www.blocdelsabat.cat\/index.php?rest_route=\/wp\/v2\/users\/2"}],"replies":[{"embeddable":true,"href":"https:\/\/www.blocdelsabat.cat\/index.php?rest_route=%2Fwp%2Fv2%2Fcomments&post=843"}],"version-history":[{"count":0,"href":"https:\/\/www.blocdelsabat.cat\/index.php?rest_route=\/wp\/v2\/posts\/843\/revisions"}],"wp:attachment":[{"href":"https:\/\/www.blocdelsabat.cat\/index.php?rest_route=%2Fwp%2Fv2%2Fmedia&parent=843"}],"wp:term":[{"taxonomy":"category","embeddable":true,"href":"https:\/\/www.blocdelsabat.cat\/index.php?rest_route=%2Fwp%2Fv2%2Fcategories&post=843"},{"taxonomy":"post_tag","embeddable":true,"href":"https:\/\/www.blocdelsabat.cat\/index.php?rest_route=%2Fwp%2Fv2%2Ftags&post=843"}],"curies":[{"name":"wp","href":"https:\/\/api.w.org\/{rel}","templated":true}]}}