{"id":844,"date":"2009-10-04T11:08:00","date_gmt":"2009-10-04T11:08:00","guid":{"rendered":"http:\/\/peresabat.wordpress.com\/2009\/10\/04\/personatge-de-la-setmana-lula-da-silva"},"modified":"2009-10-04T11:08:00","modified_gmt":"2009-10-04T11:08:00","slug":"personatge-de-la-setmana-lula-da-silva","status":"publish","type":"post","link":"https:\/\/www.blocdelsabat.cat\/?p=844","title":{"rendered":"Personatge de la setmana: Lula da Silva"},"content":{"rendered":"<p><a href=\"http:\/\/peresabat.files.wordpress.com\/2009\/10\/lula-da-silva1.jpg\"><img decoding=\"async\" alt=\"\" src=\"http:\/\/peresabat.files.wordpress.com\/2009\/10\/lula-da-silva1.jpg?w=200\" border=\"0\" \/><\/a><\/p>\n<div align=\"justify\"><span style=\"font-family:arial;font-size:130%;\">Luiz Ign\u00e1cio da Silva va n\u00e9ixer al 27 d\u2019octubre de 1945 a Caet\u00e9s, a l\u2019estat brasiler de Pernambucano, en el si d\u2019una fam\u00edlia humil i sense recursos.<br \/>De jove Da Silva va treballar en diverses feines, passant des d\u2019una tintoreria fins a mec\u00e0nic o oficial d\u2019oficina, i no va ser fins que va fer els 10 anys que va anar a escola per aprendre a llegir i a escriure. <\/span><\/div>\n<p><span style=\"font-family:arial;font-size:130%;\"><\/p>\n<div align=\"justify\">\u00c9s a partir de que s\u2019estableix a Sao Bernardo do Campo que entra en contacte amb el m\u00f3n del sindicalisme. La seva carrera dins el sindicat metal\u00b7l\u00fargic \u00e9s r\u00e0pida: elegit membre de la direcci\u00f3 al 1969, al 1975 \u00e9s elegit president i reelegit al 1978. Amb ell al capdavant de la direcci\u00f3 del sindicat, els obrers tornen a ocupar els carrers de les ciutats amb vagues espectaculars i multitudin\u00e0ries. \u00c9s a partir de l\u2019\u00e8xit de les mobilitzacions sindicals que apareix la idea de formar un partit pol\u00edtic que pugui arreplegar tots els treballadors, aix\u00ed doncs al 1980 Luiz Ign\u00e1cio \u00e9s un dels fundadors del PT, el Partido dos Trabalhadores. <\/div>\n<div align=\"justify\">Com a dirigent del PT Luiz Ign\u00e1cio es presenta a diputat provincial al 1986 i \u00e9s elegit amb r\u00e8cord de vots. En aquestes eleccions ja ha afegit al seu nom el sobrenom de &#8220;Lula&#8221;, essent aix\u00ed Luiz Ign\u00e1cio Lula da Silva.<br \/>Les seva activitat pol\u00edtica per\u00f2 segueix i al 1989 es presenta a la Presid\u00e8ncia del Brasil, per\u00f2 cau derrotat per Fernando Collor de Melo, en unes eleccions que han estat sempre tenyides per la sospita generalitzada de frau electoral per evitar que el l\u00edder de l\u2019esquerra brasilera arrib\u00e9s al Palau de Bras\u00edlia.<br \/>Lula da Silva per\u00f2 despr\u00e8s d\u2019aquesta primera temptativa d\u2019arribar a la presid\u00e8ncia, continua. Aix\u00ed que ho torna a provar al 1994, per\u00f2 altre cop es queda a les portes davant del l\u00edder del centre-esquerra Fernando Henrique Cardoso. Al 1998 Cardoso \u00e9s reelegit, tamb\u00e9 per davant de Lula.<br \/>\u00c9s per\u00f2 al 2002 quan el moment del canvi arriba. \u00c9s al 2002 quan arriba el moment de Lula da Silva. Lula a les presidencials arrasa amb el 61% dels vots i amb el r\u00e8cord de vots de la hist\u00f2ria amb m\u00e9s de 52 milions de sufragis. Una de les frases m\u00e9s recordades de l\u2019acte de possessi\u00f3 com a President, Lula va dir que &#8220;<em>E eu, que durante tantas vezes fui acusado de n\u00e3o ter um diploma superior, ganho o meu primeiro diploma, o diploma de presidente da Rep\u00fablica do meu pa\u00eds.&#8221; <\/em><\/div>\n<div align=\"justify\">Lula da Silva inicia el seu mandat amb la bandera del canvi, un canvi que tot i les grans expectatives, comen\u00e7a a donar fruits. Gr\u00e0cies a l\u2019\u00e8xit d\u2019aquest canvi, Lula aconsegueix al 2006 la reelecci\u00f3 per un segona mandat.<br \/>En el seu mandat Lula da Silva ha aconseguit que el Brasil mantingui un creixement econ\u00f2mic elevat, gran \u00e8xit i m\u00e9s en temps de crisi; ha aconseguit reduir la pobresa i la desigualtat i ha fet de les pol\u00edtiques socials la seva m\u00e0xima actuaci\u00f3 en el govern. <\/div>\n<div align=\"justify\">Per\u00f2 Lula da Silva tamb\u00e9 passar\u00e0 a la hist\u00f2ria com aquell President que va posar Brasil al mapa. Amb Lula i amb el prestigi internacional que s\u2019ha guanyat, Brasil ha aconseguit ser l\u2019organitzador de dos esdeveniments esportius de primera. Al 2014 ser\u00e0 la seu del Mundial de futbol, i des de divendres, tamb\u00e9 ser\u00e0 qui acollir\u00e0 la celebraci\u00f3 dels Jocs Ol\u00edmpics del 2016. <\/div>\n<div align=\"justify\">Lula, aquell que no tenia estudis i que acabar\u00e0 sent el millor President de la Rep\u00fablica del Brasil.<br \/><\/span><\/div>\n<div class=\"blogger-post-footer\"><img width='1' height='1' src='https:\/\/blogger.googleusercontent.com\/tracker\/2467933452740288616-8270108158602571680?l=peresabat.blogspot.com' alt='' \/><\/div>\n","protected":false},"excerpt":{"rendered":"<p>Luiz Ign\u00e1cio da Silva va n\u00e9ixer al 27 d\u2019octubre de 1945 a Caet\u00e9s, a l\u2019estat brasiler de Pernambucano, en el si d\u2019una fam\u00edlia humil i sense recursos.De jove Da Silva va treballar en diverses feines, passant des d\u2019una tintoreria fins a mec\u00e0nic o oficial d\u2019oficina, i no va ser fins que va fer els 10&#8230;<\/p>\n","protected":false},"author":2,"featured_media":0,"comment_status":"open","ping_status":"open","sticky":false,"template":"","format":"standard","meta":{"footnotes":""},"categories":[26],"tags":[],"class_list":["post-844","post","type-post","status-publish","format-standard","hentry","category-uncategorized"],"_links":{"self":[{"href":"https:\/\/www.blocdelsabat.cat\/index.php?rest_route=\/wp\/v2\/posts\/844","targetHints":{"allow":["GET"]}}],"collection":[{"href":"https:\/\/www.blocdelsabat.cat\/index.php?rest_route=\/wp\/v2\/posts"}],"about":[{"href":"https:\/\/www.blocdelsabat.cat\/index.php?rest_route=\/wp\/v2\/types\/post"}],"author":[{"embeddable":true,"href":"https:\/\/www.blocdelsabat.cat\/index.php?rest_route=\/wp\/v2\/users\/2"}],"replies":[{"embeddable":true,"href":"https:\/\/www.blocdelsabat.cat\/index.php?rest_route=%2Fwp%2Fv2%2Fcomments&post=844"}],"version-history":[{"count":0,"href":"https:\/\/www.blocdelsabat.cat\/index.php?rest_route=\/wp\/v2\/posts\/844\/revisions"}],"wp:attachment":[{"href":"https:\/\/www.blocdelsabat.cat\/index.php?rest_route=%2Fwp%2Fv2%2Fmedia&parent=844"}],"wp:term":[{"taxonomy":"category","embeddable":true,"href":"https:\/\/www.blocdelsabat.cat\/index.php?rest_route=%2Fwp%2Fv2%2Fcategories&post=844"},{"taxonomy":"post_tag","embeddable":true,"href":"https:\/\/www.blocdelsabat.cat\/index.php?rest_route=%2Fwp%2Fv2%2Ftags&post=844"}],"curies":[{"name":"wp","href":"https:\/\/api.w.org\/{rel}","templated":true}]}}