{"id":845,"date":"2009-10-06T14:45:00","date_gmt":"2009-10-06T14:45:00","guid":{"rendered":"http:\/\/peresabat.wordpress.com\/2009\/10\/06\/estat-catala-75-anys"},"modified":"2009-10-06T14:45:00","modified_gmt":"2009-10-06T14:45:00","slug":"estat-catala-75-anys","status":"publish","type":"post","link":"https:\/\/www.blocdelsabat.cat\/?p=845","title":{"rendered":"Estat Catal\u00e0, 75 anys"},"content":{"rendered":"<p><a href=\"http:\/\/peresabat.files.wordpress.com\/2009\/10\/companys21.jpg\"><img decoding=\"async\" alt=\"\" src=\"http:\/\/peresabat.files.wordpress.com\/2009\/10\/companys21.jpg?w=300\" border=\"0\" \/><\/a><br \/><span style=\"font-family:arial;font-size:130%;\">Catalans!<\/span><\/p>\n<div align=\"justify\"><span style=\"font-family:arial;font-size:130%;\"><\/span><\/div>\n<p><\/p>\n<div align=\"justify\"><span style=\"font-family:arial;font-size:130%;\">Les forces monarquitzants i feixistes que d\u00b4un temps en\u00e7\u00e0 pretenen trair la Rep\u00fablica han aconseguit llur objectiu i han assaltat el Poder. <\/span><\/div>\n<p><\/p>\n<div align=\"justify\"><span style=\"font-family:arial;font-size:130%;\">Els partits i els homes que han fet p\u00fabliques manifestacions contra les minvades llibertats de la nostra terra, els nuclis pol\u00edtics que prediquen constantment l\u00b4odi i la guerra a Catalunya, constitueixen avui el suport de les actuals institucions.<\/span><\/div>\n<p><\/p>\n<div align=\"justify\"><span style=\"font-family:arial;font-size:130%;\">Els fets que s\u00b4 han produ\u00eft donen a tots els ciutadans la clara sensaci\u00f3 que la Rep\u00fablica, en els seus postulats democr\u00e0tics, es troba en grav\u00edssim perill. Totes les forces aut\u00e8nticament republicanes d\u00b4Espanya i sectors socials avan\u00e7ats, sense distinci\u00f3 ni excepci\u00f3, s\u00b4han aixecat contra l\u00b4auda\u00e7 temptativa feixista. <\/span><\/div>\n<p><\/p>\n<div align=\"justify\"><span style=\"font-family:arial;font-size:130%;\">La Catalunya liberal, democr\u00e0tica i republicana no pot estar absent de la protesta que triomfa arreu del pa\u00eds ni pot silenciar la seva veu de solidaritat amb els germans que, en les terres hispanes, lluiten fins a morir, per la llibertat i el dret.<\/span><\/div>\n<p><\/p>\n<div align=\"justify\"><span style=\"font-family:arial;font-size:130%;\">Catalunya enarbora i crida a tothom al compliment del deure i a l\u00b4obedi\u00e8ncia absoluta al Govern de la Generalitat que, des d\u00b4aquest moment, trenca tota relaci\u00f3 amb les institucions falsejades. <\/span><\/div>\n<p><\/p>\n<div align=\"justify\"><span style=\"font-family:arial;font-size:130%;\">En aquesta hora solemne, en nom del poble i del Parlament, el Govern que presideixo assumeix totes les facultats del Poder a Catalunya, proclama l\u00b4Estat Catal\u00e0 de la Rep\u00fablica Federal Espanyola i en restablir i fortificar la relaci\u00f3 amb els dirigents de la protesta general contra el feixisme, els invita a establir a Catalunya el Govern Provisional de la Rep\u00fablica, que trobar\u00e0 en el nostre poble catal\u00e0 el m\u00e9s gener\u00f3s impuls de fraternitat en el com\u00fa anhel d\u00b4edificar una Rep\u00fablica Federal lliure i magn\u00edfica. <\/span><\/div>\n<p><\/p>\n<div align=\"justify\"><span style=\"font-family:arial;font-size:130%;\">El Govern de Catalunya estar\u00e0 en tot moment en contacte amb el poble. Aspirem a establir a Catalunya el reducte indestructible de les ess\u00e8ncies de la Rep\u00fablica. Invito a tots el catalans a l\u00b4obedi\u00e8ncia al Govern i que ning\u00fa no desacati les seves ordres. Amb l\u00b4entusiasme i la disciplina del poble ens sentim forts i invencibles. Mantindrem a ratlla que sigui per\u00f2 cal que cadasc\u00fa es contingui subjectant-se a la disciplina i a la consigna dels dirigents. <\/span><\/div>\n<p><\/p>\n<div align=\"justify\"><span style=\"font-family:arial;font-size:130%;\">El Govern des d\u00b4aquest moment, obrar\u00e0 amb energia inexorable perqu\u00e8 ning\u00fa no tracti de pertorbar ni pugui comprometre els patri\u00f2tics objectius de la seva actitud.Catalans!. <\/span><\/div>\n<p><\/p>\n<div align=\"justify\"><span style=\"font-family:arial;font-size:130%;\">L\u00b4hora \u00e9s greu i gloriosa. L\u00b4esperit del President Maci\u00e0, restaurador de la Generalitat, ens acompanya. Cadasc\u00fa al seu lloc i Catalunya i la Rep\u00fablica en el cor de tots. <\/span><\/div>\n<p><\/p>\n<div align=\"justify\"><span style=\"font-family:arial;font-size:130%;\">Visca la Rep\u00fablica i visca la Llibertat!<\/span><\/div>\n<p><\/p>\n<div><\/div>\n<div class=\"blogger-post-footer\"><img width='1' height='1' src='https:\/\/blogger.googleusercontent.com\/tracker\/2467933452740288616-2868403127031368091?l=peresabat.blogspot.com' alt='' \/><\/div>\n","protected":false},"excerpt":{"rendered":"<p>Catalans! Les forces monarquitzants i feixistes que d\u00b4un temps en\u00e7\u00e0 pretenen trair la Rep\u00fablica han aconseguit llur objectiu i han assaltat el Poder. Els partits i els homes que han fet p\u00fabliques manifestacions contra les minvades llibertats de la nostra terra, els nuclis pol\u00edtics que prediquen constantment l\u00b4odi i la guerra a Catalunya, constitueixen avui&#8230;<\/p>\n","protected":false},"author":2,"featured_media":0,"comment_status":"open","ping_status":"open","sticky":false,"template":"","format":"standard","meta":{"footnotes":""},"categories":[26],"tags":[],"class_list":["post-845","post","type-post","status-publish","format-standard","hentry","category-uncategorized"],"_links":{"self":[{"href":"https:\/\/www.blocdelsabat.cat\/index.php?rest_route=\/wp\/v2\/posts\/845","targetHints":{"allow":["GET"]}}],"collection":[{"href":"https:\/\/www.blocdelsabat.cat\/index.php?rest_route=\/wp\/v2\/posts"}],"about":[{"href":"https:\/\/www.blocdelsabat.cat\/index.php?rest_route=\/wp\/v2\/types\/post"}],"author":[{"embeddable":true,"href":"https:\/\/www.blocdelsabat.cat\/index.php?rest_route=\/wp\/v2\/users\/2"}],"replies":[{"embeddable":true,"href":"https:\/\/www.blocdelsabat.cat\/index.php?rest_route=%2Fwp%2Fv2%2Fcomments&post=845"}],"version-history":[{"count":0,"href":"https:\/\/www.blocdelsabat.cat\/index.php?rest_route=\/wp\/v2\/posts\/845\/revisions"}],"wp:attachment":[{"href":"https:\/\/www.blocdelsabat.cat\/index.php?rest_route=%2Fwp%2Fv2%2Fmedia&parent=845"}],"wp:term":[{"taxonomy":"category","embeddable":true,"href":"https:\/\/www.blocdelsabat.cat\/index.php?rest_route=%2Fwp%2Fv2%2Fcategories&post=845"},{"taxonomy":"post_tag","embeddable":true,"href":"https:\/\/www.blocdelsabat.cat\/index.php?rest_route=%2Fwp%2Fv2%2Ftags&post=845"}],"curies":[{"name":"wp","href":"https:\/\/api.w.org\/{rel}","templated":true}]}}