{"id":848,"date":"2009-10-07T16:53:00","date_gmt":"2009-10-07T16:53:00","guid":{"rendered":"http:\/\/peresabat.wordpress.com\/2009\/10\/07\/finestra-oberta-les-incongruencies-dalonso"},"modified":"2009-10-07T16:53:00","modified_gmt":"2009-10-07T16:53:00","slug":"finestra-oberta-les-incongruencies-dalonso","status":"publish","type":"post","link":"https:\/\/www.blocdelsabat.cat\/?p=848","title":{"rendered":"Finestra Oberta: Les Incongru\u00e8ncies d&#8217;Alonso"},"content":{"rendered":"<p><a href=\"http:\/\/peresabat.files.wordpress.com\/2009\/10\/fernando_alonso1.jpg\"><img decoding=\"async\" alt=\"\" src=\"http:\/\/peresabat.files.wordpress.com\/2009\/10\/fernando_alonso1.jpg?w=220\" border=\"0\" \/><\/a><\/p>\n<div align=\"justify\"><span style=\"font-family:arial;font-size:130%;\">Despr\u00e9s de 2 anys de successius rumors, Ferrari ha em\u00e8s en un comunicat oficial el fitxatge de Fernando Alonso per les 3 pr\u00f2ximes temporades.<br \/>L\u2019asturi\u00e0 substituir\u00e0 al finland\u00e8s Kimi Raikkonen i cobrar\u00e0 al voltant de 25 milions per curs.<\/span><\/div>\n<p><span style=\"font-family:arial;font-size:130%;\"><\/p>\n<div align=\"justify\">Des de que vaig comen\u00e7ar a seguir la F\u00f3rmula 1 l\u2019any 1996, sempre he sentit especial predilecci\u00f3 per l\u2019escuderia Ferrari i pel millor pilot de la Hist\u00f2ria de la F\u00f3rmula 1, el supercampi\u00f3 de Kerpen, Michael Schumacher.<br \/>El pilot de l\u2019Estat espanyol ha demostrat ser un dels m\u00e9s competitius i amb m\u00e9s talent de la graella del Mundial i esportivament, les seves qualitats com a pilot no mereixen cap mena de discussi\u00f3.<br \/>Tot i que personalment, no em produir\u00e0 cap mena d\u2019l\u00b7lusi\u00f3 veure Alonso a Ferrari sin\u00f3 tot el contrari.<\/div>\n<div align=\"justify\">Mirant endarrera, he trobat a les hemeroteques diverses declaracions pol\u00e8miques d\u2019Alonso contra Ferrari amb conseq\u00fcents faltes de respecte incloses quan corria a la seva primera etapa al conjunt Renault.<\/div>\n<div align=\"justify\"><\/span><\/div>\n<p><a href=\"http:\/\/www.elpais.com\/articulo\/deportes\/Alonso\/acusa\/Ferrari\/BAR\/hacer\/trampas\/elppordep\/20050504elpepudep_5\/Tes\"><span style=\"font-family:arial;font-size:130%;\">&#8220;Ferrari hace trampas&#8221;<\/span><\/a><br \/><a href=\"http:\/\/www.elmundo.es\/elmundodeporte\/2006\/09\/12\/motor\/1158063399.html\"><span style=\"font-family:arial;font-size:130%;\">&#8220;Schumacher es el piloto m\u00e1s antideportivo de la historia&#8221;<\/span><\/a><br \/><a href=\"http:\/\/www.infobae.com\/notas\/nota.php?Idx=272956&amp;IdxSeccion=100803\"><span style=\"font-family:arial;font-size:130%;\">&#8220;Siempre hay diferentes interpretaciones del reglamento y Ferrari siempre est\u00e1 al l\u00edmite&#8221;<\/span><\/a><\/p>\n<div align=\"justify\"><span style=\"font-family:arial;font-size:130%;\">Aquests s\u00f3n nom\u00e9s alguns exemples de les &#8220;perles&#8221; llan\u00e7ades pel pilot asturi\u00e0 contra la que ser\u00e0 la seva nova escuderia.<br \/>Les incongru\u00e8ncies s\u00f3n la car<\/span><span style=\"font-family:arial;font-size:130%;\">acter\u00edstica principal de l\u2019acord al qual han arribat l\u2019escuderia de Maranello i Alonso.<\/span><\/div>\n<p><span style=\"font-family:arial;font-size:130%;\"><\/p>\n<div align=\"justify\">En la seva presentaci\u00f3, m\u2019imagino que haurem d\u2019escoltar aquell t\u00f2pic tan futbol\u00edstic del &#8220;des que era un nen, somiava amb que arrib\u00e9s aquest dia&#8221;.<br \/>I jo pregunto amb quin moment? El moment de c\u00f3rrer amb un equip brut i tramp\u00f3s? I segurament, pocs s\u2019enrecordaran de les diverses vomitades de Fernando Alonso contra Ferrari i Schumacher en els anys 2005 i 2006.<\/div>\n<div align=\"justify\">De ben segur que la prensa espanyola, que ha elevat a la categoria de D\u00e9u de l\u2019automobilisme a l\u2019asturi\u00e0, s\u2019encarregar\u00e0 de tornar-li a amagar els draps bruts una altra vegada.<\/div>\n<p><\/p>\n<div align=\"right\"><em><span style=\"font-family:courier new;\">post realitzat per Andreu Marin<\/span><\/em><\/span><\/div>\n<div> <\/div>\n<div class=\"blogger-post-footer\"><img width='1' height='1' src='https:\/\/blogger.googleusercontent.com\/tracker\/2467933452740288616-491434799204485921?l=peresabat.blogspot.com' alt='' \/><\/div>\n","protected":false},"excerpt":{"rendered":"<p>Despr\u00e9s de 2 anys de successius rumors, Ferrari ha em\u00e8s en un comunicat oficial el fitxatge de Fernando Alonso per les 3 pr\u00f2ximes temporades.L\u2019asturi\u00e0 substituir\u00e0 al finland\u00e8s Kimi Raikkonen i cobrar\u00e0 al voltant de 25 milions per curs. Des de que vaig comen\u00e7ar a seguir la F\u00f3rmula 1 l\u2019any 1996, sempre he sentit especial predilecci\u00f3&#8230;<\/p>\n","protected":false},"author":2,"featured_media":0,"comment_status":"open","ping_status":"open","sticky":false,"template":"","format":"standard","meta":{"footnotes":""},"categories":[26],"tags":[],"class_list":["post-848","post","type-post","status-publish","format-standard","hentry","category-uncategorized"],"_links":{"self":[{"href":"https:\/\/www.blocdelsabat.cat\/index.php?rest_route=\/wp\/v2\/posts\/848","targetHints":{"allow":["GET"]}}],"collection":[{"href":"https:\/\/www.blocdelsabat.cat\/index.php?rest_route=\/wp\/v2\/posts"}],"about":[{"href":"https:\/\/www.blocdelsabat.cat\/index.php?rest_route=\/wp\/v2\/types\/post"}],"author":[{"embeddable":true,"href":"https:\/\/www.blocdelsabat.cat\/index.php?rest_route=\/wp\/v2\/users\/2"}],"replies":[{"embeddable":true,"href":"https:\/\/www.blocdelsabat.cat\/index.php?rest_route=%2Fwp%2Fv2%2Fcomments&post=848"}],"version-history":[{"count":0,"href":"https:\/\/www.blocdelsabat.cat\/index.php?rest_route=\/wp\/v2\/posts\/848\/revisions"}],"wp:attachment":[{"href":"https:\/\/www.blocdelsabat.cat\/index.php?rest_route=%2Fwp%2Fv2%2Fmedia&parent=848"}],"wp:term":[{"taxonomy":"category","embeddable":true,"href":"https:\/\/www.blocdelsabat.cat\/index.php?rest_route=%2Fwp%2Fv2%2Fcategories&post=848"},{"taxonomy":"post_tag","embeddable":true,"href":"https:\/\/www.blocdelsabat.cat\/index.php?rest_route=%2Fwp%2Fv2%2Ftags&post=848"}],"curies":[{"name":"wp","href":"https:\/\/api.w.org\/{rel}","templated":true}]}}