{"id":892,"date":"2009-11-22T18:58:00","date_gmt":"2009-11-22T18:58:00","guid":{"rendered":"http:\/\/peresabat.wordpress.com\/2009\/11\/22\/personatge-de-la-setmana-herman-van-rompuy"},"modified":"2009-11-22T18:58:00","modified_gmt":"2009-11-22T18:58:00","slug":"personatge-de-la-setmana-herman-van-rompuy","status":"publish","type":"post","link":"https:\/\/www.blocdelsabat.cat\/?p=892","title":{"rendered":"Personatge de la setmana: Herman Van Rompuy"},"content":{"rendered":"<p><a href=\"http:\/\/peresabat.files.wordpress.com\/2009\/11\/van-roumpy1.jpg\"><img decoding=\"async\" border=\"0\" alt=\"\" src=\"http:\/\/peresabat.files.wordpress.com\/2009\/11\/van-roumpy1.jpg?w=300\" \/><\/a><\/p>\n<div align=\"justify\"><span style=\"font-family:arial;font-size:130%;\">Herman Van Rompuy ser\u00e0 a la llum de la hist\u00f2ria el primer president de la Uni\u00f3 Europea. Van Rompuy ser\u00e0 per sempre m\u00e9s aquell a qui a partir d\u2019ell se sumar\u00e0 un nombre m\u00e9s, ja que ell ha estat el primer.<\/p>\n<p>Herman Van Rompuy va n\u00e9ixer a Etterbeek, Flandes, l\u2019any 1947. Durant l\u2019edat escolar va estudiar en una escola cat\u00f2lica i a la universitat va estudiar i llicenciar-se en filosofia i economia i va comen\u00e7ar a treballar al departament d\u2019investigaci\u00f3 del Banc Nacional Belga.<br \/>Des de molt aviat per\u00f2, Van Rompuy va centrar la seva traject\u00f2ria en l\u2019\u00e0mbit pol\u00edtic, ja que poc despr\u00e8s d\u2019acabar la Universitat va entrar a formar part de la direcci\u00f3 de les Joventuts del Partit Popular, una formaci\u00f3 de centre-dreta flamenca.<\/p>\n<p>A partir del 1978 entra a formar part dels c\u00e0rrecs que el governant Partit Popular posa al Govern, concretament comen\u00e7a com a assessor a l\u2019oficina del ministre de finances del govern belga.<br \/>Durant els seg\u00fcents anys aquest pol\u00edtic fill d\u2019un professor d\u2019economia, va afincant-se en els passadissos governamentals del pa\u00eds, aix\u00ed com tamb\u00e9 del partit. \u00c9s l\u2019any 1979 quan entra en el bur\u00f3 del partit, \u00e9s a dir, en l\u2019\u00f2rgan de direcci\u00f3 nacional. Des de 1980 fins a 1988 va ser el director del centre d\u2019idees del partit cristiano-dem\u00f2crata, una tasca que va deixar quan va ser nomenat President del partit, tasca que va desenvolupar poc temps degut a que va ser l\u2019escollit per ser ministre de finances. Posteriorment ha estat diputat.<\/p>\n<p>Amb tot per\u00f2, la gran tasca pol\u00edtica que ha portat a terme Rompuy ha estat la de primer ministre de B\u00e8lgica, c\u00e0rrec que en qu\u00e8 va ser nomenat al 2009 per mirar de posar pau a un estat on cada cop sembla que la uni\u00f3 entre valons i flamencs es desf\u00e0, degut a qu\u00e8 a Flandes augmenta elecci\u00f3 rere elecci\u00f3 el suport a l\u2019independentisme. Rompuy no \u00e9s independentista, \u00e9s federalista en un estat on es pot ser federalista, amb tot per\u00f2, ell \u00e9s flamenc. Una apreciaci\u00f3 que els eurodiputats catalans ja s\u2019han encarregat de posar de relleu per tal de mirar d\u2019obtenir el seu suport per fer oficial el catal\u00e0 a la Uni\u00f3 Europea.<\/p>\n<p>\u00c9s gr\u00e0cies a la tasca que a portat a terme com a primer ministre belga en qu\u00e8 ha fet front a la crisi econ\u00f2mica i pol\u00edtica del pa\u00eds fins a estabilitzar-lo, si \u00e9s que \u00e9s possible a B\u00e8lgica, que l\u2019han catapultat a la Presid\u00e8ncia de la Uni\u00f3 Europea.<br \/>Tot i aix\u00ed no caldria ser ingenus, s\u00ed Van Rompuy \u00e9s el President \u00e9s perqu\u00e8 els motors d\u2019Europa han vetat a Blair i perqu\u00e8 aquests mateixos estats volien alg\u00fa que no els fes ombra, i per aix\u00f2 han escollit a alg\u00fa que tot i ser efica\u00e7, va molt curt en quant a carisma i imatge p\u00fablica.<\/p>\n<p>Van Rompuy \u00e9s el primer President del Consell d\u2019Europa, un primer pas, per\u00f2, que encara no se sap ben b\u00e9 cap a on ens dur\u00e0.<br \/><\/span><\/div>\n<div class=\"blogger-post-footer\"><img width='1' height='1' src='https:\/\/blogger.googleusercontent.com\/tracker\/2467933452740288616-598348221865942644?l=peresabat.blogspot.com' alt='' \/><\/div>\n","protected":false},"excerpt":{"rendered":"<p>Herman Van Rompuy ser\u00e0 a la llum de la hist\u00f2ria el primer president de la Uni\u00f3 Europea. Van Rompuy ser\u00e0 per sempre m\u00e9s aquell a qui a partir d\u2019ell se sumar\u00e0 un nombre m\u00e9s, ja que ell ha estat el primer. Herman Van Rompuy va n\u00e9ixer a Etterbeek, Flandes, l\u2019any 1947. Durant l\u2019edat escolar va&#8230;<\/p>\n","protected":false},"author":2,"featured_media":0,"comment_status":"open","ping_status":"open","sticky":false,"template":"","format":"standard","meta":{"footnotes":""},"categories":[26],"tags":[],"class_list":["post-892","post","type-post","status-publish","format-standard","hentry","category-uncategorized"],"_links":{"self":[{"href":"https:\/\/www.blocdelsabat.cat\/index.php?rest_route=\/wp\/v2\/posts\/892","targetHints":{"allow":["GET"]}}],"collection":[{"href":"https:\/\/www.blocdelsabat.cat\/index.php?rest_route=\/wp\/v2\/posts"}],"about":[{"href":"https:\/\/www.blocdelsabat.cat\/index.php?rest_route=\/wp\/v2\/types\/post"}],"author":[{"embeddable":true,"href":"https:\/\/www.blocdelsabat.cat\/index.php?rest_route=\/wp\/v2\/users\/2"}],"replies":[{"embeddable":true,"href":"https:\/\/www.blocdelsabat.cat\/index.php?rest_route=%2Fwp%2Fv2%2Fcomments&post=892"}],"version-history":[{"count":0,"href":"https:\/\/www.blocdelsabat.cat\/index.php?rest_route=\/wp\/v2\/posts\/892\/revisions"}],"wp:attachment":[{"href":"https:\/\/www.blocdelsabat.cat\/index.php?rest_route=%2Fwp%2Fv2%2Fmedia&parent=892"}],"wp:term":[{"taxonomy":"category","embeddable":true,"href":"https:\/\/www.blocdelsabat.cat\/index.php?rest_route=%2Fwp%2Fv2%2Fcategories&post=892"},{"taxonomy":"post_tag","embeddable":true,"href":"https:\/\/www.blocdelsabat.cat\/index.php?rest_route=%2Fwp%2Fv2%2Ftags&post=892"}],"curies":[{"name":"wp","href":"https:\/\/api.w.org\/{rel}","templated":true}]}}