{"id":894,"date":"2009-11-26T18:00:00","date_gmt":"2009-11-26T18:00:00","guid":{"rendered":"http:\/\/peresabat.wordpress.com\/2009\/11\/26\/loda-dels-dotze"},"modified":"2009-11-26T18:00:00","modified_gmt":"2009-11-26T18:00:00","slug":"loda-dels-dotze","status":"publish","type":"post","link":"https:\/\/www.blocdelsabat.cat\/?p=894","title":{"rendered":"L&#8217;Oda dels Dotze"},"content":{"rendered":"<p><a href=\"http:\/\/peresabat.files.wordpress.com\/2009\/11\/editorial11diaris1.jpg\"><img decoding=\"async\" border=\"0\" alt=\"\" src=\"http:\/\/peresabat.files.wordpress.com\/2009\/11\/editorial11diaris1.jpg?w=300\" \/><\/a><\/p>\n<div align=\"justify\"><span style=\"font-family:arial;font-size:130%;\">La unitat \u00e9s una excepcionalitat hist\u00f2rica en el nostre pa\u00eds. Aquest \u00e9s un fet incontestable. No hi va haver unitat durant la Rep\u00fablica, no n\u2019hi va haver durant els primers anys de la democr\u00e0cia i tampoc n\u2019hi va haver durant el tr\u00e0mit de l\u2019estatut del 2005 del Parlament al Congr\u00e9s dels diputats espanyols. \u00c9s per aquesta tend\u00e8ncia a la no unitat que els actes que precisament s\u2019han caracteritzat per abra\u00e7ar aquest concepte es recorden de tant en tant. Tothom ha sentit a parlar de Solidaritat Catalana per exemple.<\/p>\n<p>La unitat doncs, no \u00e9s un gen que aparegui massa en l\u2019ADN catal\u00e0, tot i que aquest fet no hauria de ser considerat negatiu de per si, ja que s\u2019hauria de considerar s\u00ed la unitat en cas d\u2019arribar \u00e9s positiva o no, per qu\u00e8 interessa una unitat basada en la ren\u00fancia sistem\u00e0tica i en la pr\u00f2pia negaci\u00f3 de la realitat nacional? Interessa una unitat que intenta retenir un sistema caduc, fracassat i basat en l\u2019immobilisme?<\/p>\n<p>Avui els diaris que s\u2019editen a Catalunya, un total de dotze, han sorpr\u00e8s al lector amb un Editorial conjunt titulat \u201cLa Dignitat de Catalunya\u201d, on es feia una encesa de l\u2019actual Estatut, el de La Moncloa.<\/p>\n<p>Les reaccions a l\u2019Editorial no s\u2019han fet esperar, i tota la brunete medi\u00e0tica nacional-cat\u00f2lica s\u2019hi ha llen\u00e7at en massa. Aquests mitjans han qualificat, entre d\u2019altres improperis, el text dels dotze diaris com a \u201ccop d\u2019estat medi\u00e0tic\u201d i han presentat el text com que \u201cintenta enfrontar l\u2019Estatut amb la Constituci\u00f3\u201d.<br \/>No cal dir que era m\u00e9s que previsible aquesta reacci\u00f3 tan prim\u00e0ria i reaccionaria d\u2019aquests mitjans espanyols, ja que no fa m\u00e9s que complementar les seves l\u00ednies editorials, en qu\u00e8 tots sense excepci\u00f3, han jugat amb l\u2019anticatalanisme m\u00e9s barroer, cutre i nost\u00e0lgic per tal de fer encara m\u00e9s present l\u2019odi d\u2019Espanya cap a Catalunya.<\/p>\n<p>Personalment aquest editorial em sona com una \u201coda a Espanya\u201d perqu\u00e8 escolti les clem\u00e8ncies d\u2019aquell que se sent al corredor de la mort i llan\u00e7a l\u2019\u00faltim crit d\u2019esperan\u00e7a per salvar-se. Un crit per demanar que si us plau no s\u2019executi l\u2019acci\u00f3 que marcar\u00e0 sense possibilitat de capgirar el gui\u00f3, un desenvolupament que portar\u00e0 a una sortida no volguda. L\u2019Editorial dels Dotze intenta exposar a Espanya que amb la sent\u00e8ncia de l\u2019Estatut no nom\u00e9s est\u00e0 en joc una llei org\u00e0nica del Regne d\u2019Espanya, el que est\u00e0 en joc amb la sent\u00e8ncia \u00e9s el mateix pacte constitucional i la relaci\u00f3 de poders establerts en aquests 30 anys de certa democr\u00e0cia.<\/p>\n<p>Saben els Dotze que amb la presumible retallada del Tribunal Constitucional a l\u2019estatut de La Moncloa, s\u2019acabar\u00e0 una etapa, la de l\u2019autonomisme i del peix al cove. Saben el Dotze que amb la retallada nom\u00e9s quedar\u00e0 una sortida per mantenir \u201cla dignitat de Catalunya\u201d, que \u00e9s la de l\u2019estat propi i la independ\u00e8ncia. Saben els Dotze que amb la retallada s\u2019inicia el cam\u00ed cap a la llibertat.<br \/>Els Dotze ho saben, i per aix\u00f2 fan l\u2019oda a Espanya, pregant que els escoltin i que no executin l\u2019acci\u00f3 final \u2013 la retallada- per evitar d\u2019aquesta manera que el proc\u00e9s per l\u2019estat propi avanci com el foc d\u2019una metxa que ja ha estat encesa.<\/p>\n<p>L\u2019Editorial dels Dotze \u00e9s un cant de socors a Espanya, a una Espanya integradora i plural, a una Espanya, per\u00f2, que si ha existit mai ara ja ho ha deixat de fer.<br \/><\/span><\/div>\n<div class=\"blogger-post-footer\"><img width='1' height='1' src='https:\/\/blogger.googleusercontent.com\/tracker\/2467933452740288616-1895074915328936451?l=peresabat.blogspot.com' alt='' \/><\/div>\n","protected":false},"excerpt":{"rendered":"<p>La unitat \u00e9s una excepcionalitat hist\u00f2rica en el nostre pa\u00eds. Aquest \u00e9s un fet incontestable. No hi va haver unitat durant la Rep\u00fablica, no n\u2019hi va haver durant els primers anys de la democr\u00e0cia i tampoc n\u2019hi va haver durant el tr\u00e0mit de l\u2019estatut del 2005 del Parlament al Congr\u00e9s dels diputats espanyols. \u00c9s per&#8230;<\/p>\n","protected":false},"author":2,"featured_media":0,"comment_status":"open","ping_status":"open","sticky":false,"template":"","format":"standard","meta":{"footnotes":""},"categories":[26],"tags":[],"class_list":["post-894","post","type-post","status-publish","format-standard","hentry","category-uncategorized"],"_links":{"self":[{"href":"https:\/\/www.blocdelsabat.cat\/index.php?rest_route=\/wp\/v2\/posts\/894","targetHints":{"allow":["GET"]}}],"collection":[{"href":"https:\/\/www.blocdelsabat.cat\/index.php?rest_route=\/wp\/v2\/posts"}],"about":[{"href":"https:\/\/www.blocdelsabat.cat\/index.php?rest_route=\/wp\/v2\/types\/post"}],"author":[{"embeddable":true,"href":"https:\/\/www.blocdelsabat.cat\/index.php?rest_route=\/wp\/v2\/users\/2"}],"replies":[{"embeddable":true,"href":"https:\/\/www.blocdelsabat.cat\/index.php?rest_route=%2Fwp%2Fv2%2Fcomments&post=894"}],"version-history":[{"count":0,"href":"https:\/\/www.blocdelsabat.cat\/index.php?rest_route=\/wp\/v2\/posts\/894\/revisions"}],"wp:attachment":[{"href":"https:\/\/www.blocdelsabat.cat\/index.php?rest_route=%2Fwp%2Fv2%2Fmedia&parent=894"}],"wp:term":[{"taxonomy":"category","embeddable":true,"href":"https:\/\/www.blocdelsabat.cat\/index.php?rest_route=%2Fwp%2Fv2%2Fcategories&post=894"},{"taxonomy":"post_tag","embeddable":true,"href":"https:\/\/www.blocdelsabat.cat\/index.php?rest_route=%2Fwp%2Fv2%2Ftags&post=894"}],"curies":[{"name":"wp","href":"https:\/\/api.w.org\/{rel}","templated":true}]}}