{"id":900,"date":"2009-11-29T22:55:00","date_gmt":"2009-11-29T22:55:00","guid":{"rendered":"http:\/\/peresabat.wordpress.com\/2009\/11\/29\/110-anys-dhistoria-amb-victoria"},"modified":"2009-11-29T22:55:00","modified_gmt":"2009-11-29T22:55:00","slug":"110-anys-dhistoria-amb-victoria","status":"publish","type":"post","link":"https:\/\/www.blocdelsabat.cat\/?p=900","title":{"rendered":"110 Anys d&#8217;Hist\u00f2ria amb Vict\u00f2ria!"},"content":{"rendered":"<p><a href=\"http:\/\/peresabat.files.wordpress.com\/2009\/11\/escut1.jpg\"><img decoding=\"async\" border=\"0\" alt=\"\" src=\"http:\/\/peresabat.files.wordpress.com\/2009\/11\/escut1.jpg?w=297\" \/><\/a><\/p>\n<div align=\"center\"><span style=\"font-family:arial;font-size:130%;\">Blaugrana al vent, <\/span><\/div>\n<p><\/p>\n<div align=\"center\"><span style=\"font-family:arial;font-size:130%;\">un crit valent,<\/span><\/div>\n<p><\/p>\n<div align=\"center\"><span style=\"font-family:arial;font-size:130%;\">Bar\u00e7a, al\u00e9 al\u00e9 al\u00e9 al\u00e9; Bar\u00e7a al\u00e9 al\u00e9 al\u00e9&#8230;<\/span><\/div>\n<p><\/p>\n<div align=\"center\"><span style=\"font-family:arial;font-size:130%;\"><\/span><\/div>\n<p><\/p>\n<div align=\"center\"><span style=\"font-family:arial;font-size:130%;\">I Bar\u00e7a; I Bar\u00e7a; I Bar\u00e7a, Bar\u00e7a, Bar\u00e7a!<\/span><\/div>\n<p><\/p>\n<div align=\"center\"><span style=\"font-family:arial;font-size:130%;\"><\/span><\/div>\n<p><\/p>\n<div align=\"center\"><span style=\"font-family:arial;font-size:130%;\">110 anys d&#8217;hist\u00f2ria, 110 anys de patiment, 110 anys de sentiment!<\/span><\/div>\n<p><\/p>\n<div align=\"center\"><span style=\"font-family:arial;font-size:130%;\"><\/span><\/div>\n<p><\/p>\n<div align=\"center\"><span style=\"font-family:arial;font-size:130%;\">1-0<\/span><\/div>\n<p><\/p>\n<div align=\"center\"><span style=\"font-family:Arial;font-size:130%;\"><\/span><\/div>\n<p><\/p>\n<div align=\"center\"><span style=\"font-family:arial;font-size:180%;\">VISCA EL BAR\u00c7A<\/span><\/div>\n<p><\/p>\n<div align=\"center\"><span style=\"font-family:arial;font-size:180%;\">VISCA CATALUNYA LLIURE!<\/span><\/div>\n<div class=\"blogger-post-footer\"><img width='1' height='1' src='https:\/\/blogger.googleusercontent.com\/tracker\/2467933452740288616-349067862601418878?l=peresabat.blogspot.com' alt='' \/><\/div>\n","protected":false},"excerpt":{"rendered":"<p>Blaugrana al vent, un crit valent, Bar\u00e7a, al\u00e9 al\u00e9 al\u00e9 al\u00e9; Bar\u00e7a al\u00e9 al\u00e9 al\u00e9&#8230; I Bar\u00e7a; I Bar\u00e7a; I Bar\u00e7a, Bar\u00e7a, Bar\u00e7a! 110 anys d&#8217;hist\u00f2ria, 110 anys de patiment, 110 anys de sentiment! 1-0 VISCA EL BAR\u00c7A VISCA CATALUNYA LLIURE!<\/p>\n","protected":false},"author":2,"featured_media":0,"comment_status":"open","ping_status":"open","sticky":false,"template":"","format":"standard","meta":{"footnotes":""},"categories":[26],"tags":[],"class_list":["post-900","post","type-post","status-publish","format-standard","hentry","category-uncategorized"],"_links":{"self":[{"href":"https:\/\/www.blocdelsabat.cat\/index.php?rest_route=\/wp\/v2\/posts\/900","targetHints":{"allow":["GET"]}}],"collection":[{"href":"https:\/\/www.blocdelsabat.cat\/index.php?rest_route=\/wp\/v2\/posts"}],"about":[{"href":"https:\/\/www.blocdelsabat.cat\/index.php?rest_route=\/wp\/v2\/types\/post"}],"author":[{"embeddable":true,"href":"https:\/\/www.blocdelsabat.cat\/index.php?rest_route=\/wp\/v2\/users\/2"}],"replies":[{"embeddable":true,"href":"https:\/\/www.blocdelsabat.cat\/index.php?rest_route=%2Fwp%2Fv2%2Fcomments&post=900"}],"version-history":[{"count":0,"href":"https:\/\/www.blocdelsabat.cat\/index.php?rest_route=\/wp\/v2\/posts\/900\/revisions"}],"wp:attachment":[{"href":"https:\/\/www.blocdelsabat.cat\/index.php?rest_route=%2Fwp%2Fv2%2Fmedia&parent=900"}],"wp:term":[{"taxonomy":"category","embeddable":true,"href":"https:\/\/www.blocdelsabat.cat\/index.php?rest_route=%2Fwp%2Fv2%2Fcategories&post=900"},{"taxonomy":"post_tag","embeddable":true,"href":"https:\/\/www.blocdelsabat.cat\/index.php?rest_route=%2Fwp%2Fv2%2Ftags&post=900"}],"curies":[{"name":"wp","href":"https:\/\/api.w.org\/{rel}","templated":true}]}}