{"id":902,"date":"2009-12-04T11:44:00","date_gmt":"2009-12-04T11:44:00","guid":{"rendered":"http:\/\/peresabat.wordpress.com\/2009\/12\/04\/contra-el-derrotisme"},"modified":"2009-12-04T11:44:00","modified_gmt":"2009-12-04T11:44:00","slug":"contra-el-derrotisme","status":"publish","type":"post","link":"https:\/\/www.blocdelsabat.cat\/?p=902","title":{"rendered":"Contra el Derrotisme"},"content":{"rendered":"<p><a href=\"http:\/\/peresabat.files.wordpress.com\/2009\/12\/mas1.jpg\"><img decoding=\"async\" border=\"0\" alt=\"\" src=\"http:\/\/peresabat.files.wordpress.com\/2009\/12\/mas1.jpg?w=300\" \/><\/a><\/p>\n<div align=\"justify\"><span style=\"font-family:arial;font-size:130%;\">Diumenge passat el president de Converg\u00e8ncia i Uni\u00f3 concedia una entrevista al diari EL PAIS, una entrevista de la qual el titular era una clara consigna de com actuar\u00e0 CiU d\u2019ara endavant. Mas va afirmar que no volia fer un refer\u00e8ndum perqu\u00e8 \u201csegons les dades\u201d de CiU guanyaria el NO de manera clara i per tant no resultava convenient preguntar als ciutadans quina \u00e9s la seva opini\u00f3.<\/p>\n<p>Mas en aquella entrevista va deixar clar que ell ja ha renunciat. Mas va deixar ben clar que ja no lluitar\u00e0, considerant que hi hagi lluitat mai, per aconseguir un estat independent. Mas prefereix acomodar-se, mirar des de la finestra del seu somiat despatx de la Generalitat un paisatge no canviant i quiet, un paisatge que ell no far\u00e0 res perqu\u00e8 canvi\u00ef. Mas vol la Catalunya imm\u00f2bil i dual.<\/p>\n<p>Mas abans de lluitar prefereix viure de genolls, tamb\u00e9 suposant que no li estigui b\u00e9 la situaci\u00f3 actual. Mas abans de fins i tot equivocar-se en l\u2019estrat\u00e8gia de com arribar a la independ\u00e8ncia ja hi renuncia. Hi renuncia perqu\u00e8, segons les dades secretes de CiU, en un hipot\u00e8tic refer\u00e8ndum el No guanyaria de molt i es demostraria que \u201cCatalunya vol ser espanyola\u201d.<br \/>Aqu\u00ed ens haur\u00edem de preguntar, i el senyor Mas el primer, qu\u00e8 fa CiU i el seu president per evitar que \u201cCatalunya demostri que vol ser espanyola\u201d. Si CiU t\u00e9 unes dades en qu\u00e8 el No guanyaria de molt, t\u00e9 dues opcions. La primera \u00e9s treballar i treballar perqu\u00e8 el S\u00ed creixi; la segona \u00e9s acceptar les dades per bones i renunciar a l\u2018estat propi. Sembla que per les declaracions d\u2019Artur Mas, han elegit la segona opci\u00f3.<\/p>\n<p>No deixa de ser curi\u00f3s que tan sols quatre dies despr\u00e8s de l\u2019entrevista a EL PAIS on Mas es donava per derrotat, aparegu\u00e9s una macroenquesta de la Universitat Oberta de Catalunya en qu\u00e8 s\u2019afirmava que el 50\u20193% de la poblaci\u00f3 de Catalunya votaria a favor d\u2019un refer\u00e8ndum d\u2019independ\u00e8ncia.<br \/>No nom\u00e9s el No no guanya, sin\u00f3 que el S\u00ed passa del 50%!<\/p>\n<p>L\u2019enquesta, com totes les enquestes, s\u2019han d\u2019agafar amb pinces, amb tot \u00e9s inevitable pensar que alguna cosa s\u2019est\u00e0 movent, que alguna remor s\u2019est\u00e0 aproximant i que quelcom passar\u00e0. Que per primera vegada surti que el S\u00ed guanyaria un refer\u00e8ndum per la independ\u00e8ncia \u00e9s d\u2019una transcend\u00e8ncia hist\u00f2rica. No es tracta de mitificar l\u2019enquesta, per\u00f2 s\u00ed el missatge. Les enquestes no mostren una fotografia perfecte de la realitat, cert, per\u00f2 marquen tend\u00e8ncies i la tend\u00e8ncia d\u2019aquesta enquesta \u00e9s que el S\u00ed creix, creix i creix i que ja \u00e9s majoria.<\/p>\n<p>Ara el que cal \u00e9s que deixem de banda d\u2019una vegada per totes els derrotats, els que ja han decidit que no podrem, els que ja s\u2019han conven\u00e7ut que perdrem, els que ja s\u2019han abandonat. Ara el que cal \u00e9s agafar l\u2019esperit del lluitador incansable, d\u2019aquell que no es cansa, del tossut, del persistent, del que no abandona, del valent.<\/p>\n<p>La independ\u00e8ncia nom\u00e9s dep\u00e8n dels catalans, de la nostra voluntat de ser lliures i de decidir. Si volem, podrem. Aix\u00ed de senzill.<\/p>\n<p><\/span><\/div>\n<div class=\"blogger-post-footer\"><img width='1' height='1' src='https:\/\/blogger.googleusercontent.com\/tracker\/2467933452740288616-5141185318352666779?l=peresabat.blogspot.com' alt='' \/><\/div>\n","protected":false},"excerpt":{"rendered":"<p>Diumenge passat el president de Converg\u00e8ncia i Uni\u00f3 concedia una entrevista al diari EL PAIS, una entrevista de la qual el titular era una clara consigna de com actuar\u00e0 CiU d\u2019ara endavant. Mas va afirmar que no volia fer un refer\u00e8ndum perqu\u00e8 \u201csegons les dades\u201d de CiU guanyaria el NO de manera clara i per&#8230;<\/p>\n","protected":false},"author":2,"featured_media":0,"comment_status":"open","ping_status":"open","sticky":false,"template":"","format":"standard","meta":{"footnotes":""},"categories":[26],"tags":[],"class_list":["post-902","post","type-post","status-publish","format-standard","hentry","category-uncategorized"],"_links":{"self":[{"href":"https:\/\/www.blocdelsabat.cat\/index.php?rest_route=\/wp\/v2\/posts\/902","targetHints":{"allow":["GET"]}}],"collection":[{"href":"https:\/\/www.blocdelsabat.cat\/index.php?rest_route=\/wp\/v2\/posts"}],"about":[{"href":"https:\/\/www.blocdelsabat.cat\/index.php?rest_route=\/wp\/v2\/types\/post"}],"author":[{"embeddable":true,"href":"https:\/\/www.blocdelsabat.cat\/index.php?rest_route=\/wp\/v2\/users\/2"}],"replies":[{"embeddable":true,"href":"https:\/\/www.blocdelsabat.cat\/index.php?rest_route=%2Fwp%2Fv2%2Fcomments&post=902"}],"version-history":[{"count":0,"href":"https:\/\/www.blocdelsabat.cat\/index.php?rest_route=\/wp\/v2\/posts\/902\/revisions"}],"wp:attachment":[{"href":"https:\/\/www.blocdelsabat.cat\/index.php?rest_route=%2Fwp%2Fv2%2Fmedia&parent=902"}],"wp:term":[{"taxonomy":"category","embeddable":true,"href":"https:\/\/www.blocdelsabat.cat\/index.php?rest_route=%2Fwp%2Fv2%2Fcategories&post=902"},{"taxonomy":"post_tag","embeddable":true,"href":"https:\/\/www.blocdelsabat.cat\/index.php?rest_route=%2Fwp%2Fv2%2Ftags&post=902"}],"curies":[{"name":"wp","href":"https:\/\/api.w.org\/{rel}","templated":true}]}}