{"id":903,"date":"2009-12-05T17:41:00","date_gmt":"2009-12-05T17:41:00","guid":{"rendered":"http:\/\/peresabat.wordpress.com\/2009\/12\/05\/la-dignitat-del-penedes"},"modified":"2009-12-05T17:41:00","modified_gmt":"2009-12-05T17:41:00","slug":"la-dignitat-del-penedes","status":"publish","type":"post","link":"https:\/\/www.blocdelsabat.cat\/?p=903","title":{"rendered":"La Dignitat del Pened\u00e8s"},"content":{"rendered":"<p><a href=\"http:\/\/peresabat.files.wordpress.com\/2009\/12\/volemvp1.gif\"><img decoding=\"async\" border=\"0\" alt=\"\" src=\"http:\/\/peresabat.files.wordpress.com\/2009\/12\/volemvp1.gif?w=140\" \/><\/a><\/p>\n<div align=\"justify\"><span style=\"font-family:arial;font-size:130%;\">Editorial conjunta de 7 diaris i setmanaris de la futura Vegueria Pened\u00e8s.<\/span><\/div>\n<p><\/p>\n<div align=\"justify\"><span style=\"font-family:Arial;font-size:130%;\"><\/span><\/div>\n<p><\/p>\n<div align=\"center\"><span style=\"font-family:Arial;font-size:130%;\"><strong>La Dignitat del Pened\u00e8s<\/strong><\/span><\/div>\n<p><\/p>\n<div align=\"justify\"><span style=\"font-family:arial;font-size:130%;\">El Pened\u00e8s \u00e9s una unitat hist\u00f2rica i territorial de la qual formen part la majoria de viles i ciutats integrades en les actuals comarques de l\u2019Anoia, l\u2019Alt Pened\u00e8s, el Baix Pened\u00e8s i el Garraf. Aquesta realitat es mant\u00e9 avui vigent, forma part de la seva identitat i \u00e9s un actiu de futur. El Pened\u00e8s vol gaudir de ple reconeixement en tot all\u00f2 que afecti l\u2019ordenaci\u00f3 territorial de Catalunya esdevenint \u00e0mbit de planificaci\u00f3, vegueria i circumscripci\u00f3 pr\u00f2pia si hi ha una nova llei electoral.<\/div>\n<p><\/span><\/p>\n<div align=\"justify\"><span style=\"font-family:arial;font-size:130%;\">Durant els cinc anys de la llarga marxa de la campanya de la Plataforma per una Vegueria pr\u00f2pia, la resposta de la societat ha estat notable i molt participativa. S\u2019ha comptat amb l\u2019adhesi\u00f3 de ciutadans individuals, entitats, associacions i d\u2019empreses. Hi han donat el seu suport 63 dels 73 ajuntaments possibles, que representen el 90% de la poblaci\u00f3, aix\u00ed com els quatre consells comarcals. S\u2019ha comptat tamb\u00e9 amb l\u2019adhesi\u00f3 formal dels partits ERC, UDC, CDC, amb el suport del PP, Ciutadans i ICV, d\u2019un bon nombre d\u2019electes locals del PSC, aix\u00ed com de l\u2019organitzaci\u00f3 i dels membres de la CUP, de la FIC i de candidatures independents. Tot aix\u00f2 ha cristal\u00b7litzat, en l\u2019\u00e0mbit pol\u00edtic, en dos acords parlamentaris (2006 i 2007) que encomanaven al Govern la creaci\u00f3 de l\u2019\u00c0mbit, com a pas previ a l\u2019organitzaci\u00f3 territorial definitiva. Els mitjans de comunicaci\u00f3 del Pened\u00e8s hem anat seguint aquest moviment, n\u2019hem informat i l\u2019hem considerat una reivindicaci\u00f3 justa i leg\u00edtima del territori. El terme \u201cvegueria\u201d ja forma part avui del vocabulari penedesenc. <\/span><\/div>\n<p><span style=\"font-family:arial;font-size:130%;\"><\/p>\n<div align=\"justify\">Malgrat aquest sentiment majoritari, al Pened\u00e8s se li nega la possibilitat de ser. El desplegament dels Plans Territorial Parcials impulsats pel Govern han anat confirmant, de fet, l\u2019esquarterament del territori. L\u2019Anoia s\u2019adscriu a la Catalunya Central, tot i el rebuig institucional i popular de formar-ne part; el Pla Territorial de l\u2019\u00c0rea Metropolitana, que afecta l\u2019Alt Pened\u00e8s i el Garraf, ignora el Pla Director de l\u2019Alt Pened\u00e8s, consensuat per tots els grups pol\u00edtics, planifica el territori atenent la veu i les necessitats de la metr\u00f2poli, el malmet i el desfigura. Per al Baix Pened\u00e8s, situat en l\u2019\u00e0mbit del Camp de Tarragona, la situaci\u00f3 no \u00e9s gaire m\u00e9s falaguera. No s\u2019han escoltat les al\u00b7legacions que exigeixen canvis i el previ reconeixement de l\u2019\u00c0mbit, amb les quatre comarques unides. El calendari previst n\u2019allarga la creaci\u00f3, aprovada el 5.12.07, fins m\u00e9s enll\u00e0 del desembre de 2010, a la seg\u00fcent legislatura, quan el Pened\u00e8s ja tindr\u00e0 corroborada per la via pr\u00e0ctica la seva desmembraci\u00f3 amb tres plans que no han tingut en compte la voluntat expressada per institucions i ciutadania. <\/div>\n<div align=\"justify\">Per tot plegat, volem fer extensiu al nostre Pened\u00e8s, part viva de Catalunya, el mateix clam per la dignitat del territori en el context d\u2019un pa\u00eds que t\u00e9 l\u2019Estatut ajornat i amena\u00e7at. El sentiment de pertinen\u00e7a ens porta, amb aquesta declaraci\u00f3, a donar suport a qualsevol iniciativa, incloses les proposicions de llei presentades al ple del Parlament, que permeti que el Pened\u00e8s, dins el concert democr\u00e0tic de Catalunya, tingui reconeguda d\u2019una vegada, i dins l\u2019actual legislatura, l\u2019entitat que li atorguen clarament la voluntat democr\u00e0tica i els acords parlamentaris, una entitat que en cap cas ha de suposar, contr\u00e0riament al que des d\u2019alguns sectors es vol fer creure, una disminuci\u00f3 dels recursos p\u00fablics destinats als ciutadans i ciutadanes d\u2019aquest territori.<\/span><\/div>\n<p><\/p>\n<div><\/div>\n<div class=\"blogger-post-footer\"><img width='1' height='1' src='https:\/\/blogger.googleusercontent.com\/tracker\/2467933452740288616-5123744589926590200?l=peresabat.blogspot.com' alt='' \/><\/div>\n","protected":false},"excerpt":{"rendered":"<p>Editorial conjunta de 7 diaris i setmanaris de la futura Vegueria Pened\u00e8s. La Dignitat del Pened\u00e8s El Pened\u00e8s \u00e9s una unitat hist\u00f2rica i territorial de la qual formen part la majoria de viles i ciutats integrades en les actuals comarques de l\u2019Anoia, l\u2019Alt Pened\u00e8s, el Baix Pened\u00e8s i el Garraf. Aquesta realitat es mant\u00e9 avui&#8230;<\/p>\n","protected":false},"author":2,"featured_media":0,"comment_status":"open","ping_status":"open","sticky":false,"template":"","format":"standard","meta":{"footnotes":""},"categories":[26],"tags":[],"class_list":["post-903","post","type-post","status-publish","format-standard","hentry","category-uncategorized"],"_links":{"self":[{"href":"https:\/\/www.blocdelsabat.cat\/index.php?rest_route=\/wp\/v2\/posts\/903","targetHints":{"allow":["GET"]}}],"collection":[{"href":"https:\/\/www.blocdelsabat.cat\/index.php?rest_route=\/wp\/v2\/posts"}],"about":[{"href":"https:\/\/www.blocdelsabat.cat\/index.php?rest_route=\/wp\/v2\/types\/post"}],"author":[{"embeddable":true,"href":"https:\/\/www.blocdelsabat.cat\/index.php?rest_route=\/wp\/v2\/users\/2"}],"replies":[{"embeddable":true,"href":"https:\/\/www.blocdelsabat.cat\/index.php?rest_route=%2Fwp%2Fv2%2Fcomments&post=903"}],"version-history":[{"count":0,"href":"https:\/\/www.blocdelsabat.cat\/index.php?rest_route=\/wp\/v2\/posts\/903\/revisions"}],"wp:attachment":[{"href":"https:\/\/www.blocdelsabat.cat\/index.php?rest_route=%2Fwp%2Fv2%2Fmedia&parent=903"}],"wp:term":[{"taxonomy":"category","embeddable":true,"href":"https:\/\/www.blocdelsabat.cat\/index.php?rest_route=%2Fwp%2Fv2%2Fcategories&post=903"},{"taxonomy":"post_tag","embeddable":true,"href":"https:\/\/www.blocdelsabat.cat\/index.php?rest_route=%2Fwp%2Fv2%2Ftags&post=903"}],"curies":[{"name":"wp","href":"https:\/\/api.w.org\/{rel}","templated":true}]}}