{"id":910,"date":"2009-12-12T18:24:00","date_gmt":"2009-12-12T18:24:00","guid":{"rendered":"http:\/\/peresabat.wordpress.com\/2009\/12\/12\/10-raons-per-dir-si"},"modified":"2009-12-12T18:24:00","modified_gmt":"2009-12-12T18:24:00","slug":"10-raons-per-dir-si","status":"publish","type":"post","link":"https:\/\/www.blocdelsabat.cat\/?p=910","title":{"rendered":"10 Raons per dir S\u00cd"},"content":{"rendered":"<p><a href=\"http:\/\/peresabat.files.wordpress.com\/2009\/12\/campanya1.jpg\"><img decoding=\"async\" border=\"0\" alt=\"\" src=\"http:\/\/peresabat.files.wordpress.com\/2009\/12\/campanya1.jpg?w=193\" \/><\/a><\/p>\n<div align=\"justify\"><span style=\"font-family:arial;font-size:130%;\">Per si encara hi ha alg\u00fa que dubta sobre qu\u00e8 ha de votar dem\u00e0:<\/p>\n<p>10 raons per dir S\u00cd a la Independ\u00e8ncia<\/p>\n<p>1. Per qu\u00e8 no?<br \/>\u00c9s hora que els unionistes diguin en qu\u00e8 i per qu\u00e8 \u00e9s millor per Catalunya dependre d&#8217;Espanya. No s&#8217;ha inventat res millor per a un poble que tenir un Estat propi independent, cap poble torna enrera i dissol el seu Estat per integrar-se com a minoria a un altre Estat: no ho fan els espanyols, els anglesos, els eslovens&#8230;Per qu\u00e8 el que \u00e9s bo per ells no ho ha de ser per nosaltres? <\/span><\/div>\n<p><\/p>\n<div align=\"justify\"><span style=\"font-family:arial;font-size:130%;\">2. Normalitat nacional<br \/>Tota comunitat nacional aprofita millor les seves oportunitats disposant d&#8217;un Estat propi. Aquesta necessitat s&#8217;intensifica en una era de globalitzaci\u00f3 on les estructures d\u2019Estat permeten adaptar la naci\u00f3 millor a les necessitats per tal d\u2019aprofitar les diferents oportunitats i fer front als reptes que la globalitzaci\u00f3 ens depara. Una comunitat nacional no pot perviure sense un Estat propi, i menys sota un Estat que li vagi a la contra. <\/span><\/div>\n<div align=\"justify\"><span style=\"font-family:arial;font-size:130%;\">3. Plena capacitat de decisi\u00f3<br \/>La plena capacitat de decisi\u00f3 passa per exercir el dret a decidir dels catalans, que es fonamenta en les conviccions i en les creences m\u00e9s genu\u00efnament democr\u00e0tiques. El dret a decidir d\u2019un poble \u00e9s l\u2019exercici de la democr\u00e0cia en estat pur. La sobirania s&#8217;exerceix o l&#8217;exerceixen altres per a tu, i per tant, \u00e9s excloent i no compartida. Catalunya \u00e9s una naci\u00f3 que t\u00e9 el dret democr\u00e0tic a decidir all\u00f2 que m\u00e9s ens conv\u00e9 com a poble amb la meitat m\u00e9s un de suports favorables, a triar independ\u00e8ncia o depend\u00e8ncia. <\/span><\/div>\n<div align=\"justify\"><span style=\"font-family:arial;font-size:130%;\">4. Progr\u00e9s social<br \/>L\u2019\u00fanica forma de garantir el progr\u00e9s social d\u2019una comunitat nacional \u00e9s decidint sobre els propis recursos i les pr\u00f2pies pol\u00edtiques. Als catalans, la situaci\u00f3 de depend\u00e8ncia d\u2019un Estat que ens \u00e9s contrari i la manca d\u2019un Estat propi, ens est\u00e0 conduint a la decad\u00e8ncia econ\u00f2mica, social i moral, i a la impossibilitat de desenvolupar pol\u00edtiques competitives i de benestar imprescindibles per cohesionar la societat. Les condicions s\u00f3n p\u00e8ssimes per assumir les oportunitats de la globalitzaci\u00f3 i la compet\u00e8ncia en els mercats europeu i mundial, el progr\u00e9s cient\u00edfic i tecnol\u00f2gic, la societat del coneixement o la nova immigraci\u00f3. <\/span><\/div>\n<div align=\"justify\"><span style=\"font-family:arial;font-size:130%;\">5. Infrastructures capdavanteres i serveis de qualitat<br \/>La via autonomista es troba esgotada, perqu\u00e8 el problema essencial dels d\u00e8ficits que pateix la naci\u00f3 rau en la pol\u00edtica de discriminaci\u00f3 econ\u00f2mica, cultural i social contra Catalunya que sistem\u00e0ticament exerceix l\u2019Estat espanyol, tot escanyant la societat catalana i detraient-li any rere any m\u00e9s d\u2019un 10% del PIB, m\u00e9s de 19.000 milions d\u2019euros que cada any van a Espanya i no tornen. Aquest fet ha provocat una situaci\u00f3 insostenible en el terreny de les infrastructures estrat\u00e8giques i log\u00edstiques de la naci\u00f3 que han condu\u00eft a la seva saturaci\u00f3. La situaci\u00f3 de depend\u00e8ncia ens empeny cap a l&#8217;empobriment i la mediocritat. <\/span><\/div>\n<div align=\"justify\"><span style=\"font-family:arial;font-size:130%;\">6. Per dignitat.<br \/>Cap naci\u00f3 independent vol perdre el seu Estat, no decidir per si mateixa, no ser visible i reconeguda internacionalment, no defensar els seus interessos i la seva llengua i cultura, no tractar amb les altres nacions d&#8217;igual a igual. Ning\u00fa vol ajupir-se i obeir.<br \/>\u00c9s la dignitat, est\u00fapid!<\/p>\n<p>7. O tens Estat o no tens res.<br \/>Tots els projectes catalans s&#8217;estronquen per manca d&#8217;Estat propi: ni seleccions esportives, ni ministres defensant els nostres interessos a la UE, ni llengua reconeguda i oficial, ni infrastructures al nostre servei i connectades amb Europa (ports, aeroports, ferrocarrils, TGV, electricitat, aigua, etc.), ni pol\u00edtiques de benestar, ni suport a les empreses. Si som independents i volem, podem; si som dependents, ni volent podem.<\/span><\/div>\n<div align=\"justify\"><span style=\"font-family:arial;font-size:130%;\"><br \/>8. Perviv\u00e8ncia de la cultura i la llengua pr\u00f2pies<br \/>La cultura i la llengua catalanes s\u00f3n dos elements fonamentals de la identitat de Catalunya i que, per tant, donen ra\u00f3 de ser al nostre discurs sobre qui som i qu\u00e8 volem ser en el futur. En aquest sentit, tota acci\u00f3 de cultura a Catalunya ha de tenir el reconeixement de pertinen\u00e7a al marc cultural catal\u00e0. Tanmateix, \u00e9s innegable que amb un Estat que ens va a la contra, que ha intentat i intenta destruir i menystenir la cultura i la llengua catalanes, dif\u00edcilment aquestes podran perviure en el mig i llarg terminis. La coexist\u00e8ncia de diferents realitats nacionals i culturals en un mateix espai p\u00fablic, com ara un mateix Estat, \u00fanicament \u00e9s viable si cada comunitat nacional \u00e9s capa\u00e7 de governar-se en peu d\u2019igualtat amb les altres comunitats nacionals del mateix Estat. La impossibilitat de construir per a Espanya un Estat Confederal ens aboca inexorablement a la partici\u00f3 de les diferents comunitats nacionals. <\/span><\/div>\n<div align=\"justify\"><span style=\"font-family:arial;font-size:130%;\">9. Representaci\u00f3 a la Uni\u00f3 Europea<br \/>La pres\u00e8ncia de les institucions de Catalunya a la Uni\u00f3 Europea es redueix al Comit\u00e8 de les Regions, que \u00e9s un \u00f2rgan consultiu que emet dict\u00e0mens, on hi \u00e9s representat el Govern de Catalunya conjuntament amb centenars d&#8217;Ajuntaments i \u00f2rgans executius de regions administratives, aix\u00ed com estructures informals a l&#8217;entorn de la Confer\u00e8ncia de Parlaments Nacionals de la UE (COSAC). \u00c9s irrefutable que la Uni\u00f3 Europea \u00e9s una uni\u00f3 d&#8217;Estats, la naturalesa de la qual no mutar\u00e0 per tal d&#8217;incorporar-hi amb veu i vot estructures que no siguin aquelles que la varen fundar el 1957: els Estats. Per tant, si Catalunya, amb un Estat com l&#8217;espanyol que li va a la contra, vol defensar i representar els seus interessos en el si de la Uni\u00f3, l&#8217;\u00fanica via per fer-ho \u00e9s mitjan\u00e7ant un Estat propi. <\/span><\/div>\n<div align=\"justify\"><span style=\"font-family:arial;font-size:130%;\">10. Participaci\u00f3 en els organismes internacionals<br \/>La participaci\u00f3 de Catalunya en organismes internacionals del sistema de l&#8217;Organitzaci\u00f3 de les Nacions Unides \u00fanicament pot produir-se a trav\u00e9s d&#8217;una estructura d&#8217;Estat. Amb un Estat que li va a la contra com \u00e9s ara Espanya, Catalunya no t\u00e9 veu ni vot en cap d&#8217;aquests organismes. Fins i tot, l&#8217;eventual possibilitat que Catalunya participi en una organitzaci\u00f3 internacional de car\u00e0cter cultural com la UNESCO s&#8217;ha vist plantejada en nombroses ocasions, per\u00f2 mai amb resultats concrets. D&#8217;altra banda, els intents fallits de l&#8217;esport catal\u00e0 en les seves diferents modalitats de participar en competicions oficials internacionals ha estat sistem\u00e0ticament boicotejat per les associacions espanyoles de l&#8217;esport en les seves diferents modalitats. L&#8217;\u00fanica manera per a Catalunya de ser-hi present \u00e9s mitjan\u00e7ant un Estat que no li vagi a la contra. Nom\u00e9s ser\u00e0 possible amb un estat propi. <\/span><\/div>\n<div align=\"justify\"> <\/div>\n<div align=\"center\"><span style=\"font-family:arial;font-size:130%;\"><strong>13-D: S\u00cd A LA INDEPEND\u00c8NCIA<\/strong><\/span> <\/div>\n<div align=\"center\"> <\/div>\n<div align=\"justify\"><\/div>\n<div align=\"justify\"><\/div>\n<div align=\"right\"><em><span style=\"font-family:courier new;\">M\u00e9s informaci\u00f3 al web del Cercle d&#8217;Estudis Sobiranistes<\/span><\/em><\/div>\n<div class=\"blogger-post-footer\"><img width='1' height='1' src='https:\/\/blogger.googleusercontent.com\/tracker\/2467933452740288616-2291991941242531971?l=peresabat.blogspot.com' alt='' \/><\/div>\n","protected":false},"excerpt":{"rendered":"<p>Per si encara hi ha alg\u00fa que dubta sobre qu\u00e8 ha de votar dem\u00e0: 10 raons per dir S\u00cd a la Independ\u00e8ncia 1. Per qu\u00e8 no?\u00c9s hora que els unionistes diguin en qu\u00e8 i per qu\u00e8 \u00e9s millor per Catalunya dependre d&#8217;Espanya. No s&#8217;ha inventat res millor per a un poble que tenir un Estat&#8230;<\/p>\n","protected":false},"author":2,"featured_media":0,"comment_status":"open","ping_status":"open","sticky":false,"template":"","format":"standard","meta":{"footnotes":""},"categories":[26],"tags":[],"class_list":["post-910","post","type-post","status-publish","format-standard","hentry","category-uncategorized"],"_links":{"self":[{"href":"https:\/\/www.blocdelsabat.cat\/index.php?rest_route=\/wp\/v2\/posts\/910","targetHints":{"allow":["GET"]}}],"collection":[{"href":"https:\/\/www.blocdelsabat.cat\/index.php?rest_route=\/wp\/v2\/posts"}],"about":[{"href":"https:\/\/www.blocdelsabat.cat\/index.php?rest_route=\/wp\/v2\/types\/post"}],"author":[{"embeddable":true,"href":"https:\/\/www.blocdelsabat.cat\/index.php?rest_route=\/wp\/v2\/users\/2"}],"replies":[{"embeddable":true,"href":"https:\/\/www.blocdelsabat.cat\/index.php?rest_route=%2Fwp%2Fv2%2Fcomments&post=910"}],"version-history":[{"count":0,"href":"https:\/\/www.blocdelsabat.cat\/index.php?rest_route=\/wp\/v2\/posts\/910\/revisions"}],"wp:attachment":[{"href":"https:\/\/www.blocdelsabat.cat\/index.php?rest_route=%2Fwp%2Fv2%2Fmedia&parent=910"}],"wp:term":[{"taxonomy":"category","embeddable":true,"href":"https:\/\/www.blocdelsabat.cat\/index.php?rest_route=%2Fwp%2Fv2%2Fcategories&post=910"},{"taxonomy":"post_tag","embeddable":true,"href":"https:\/\/www.blocdelsabat.cat\/index.php?rest_route=%2Fwp%2Fv2%2Ftags&post=910"}],"curies":[{"name":"wp","href":"https:\/\/api.w.org\/{rel}","templated":true}]}}