{"id":928,"date":"2009-12-29T18:22:00","date_gmt":"2009-12-29T18:22:00","guid":{"rendered":"http:\/\/peresabat.wordpress.com\/2009\/12\/29\/despoli-a-espoli-i-tots-a-salamanca"},"modified":"2009-12-29T18:22:00","modified_gmt":"2009-12-29T18:22:00","slug":"despoli-a-espoli-i-tots-a-salamanca","status":"publish","type":"post","link":"https:\/\/www.blocdelsabat.cat\/?p=928","title":{"rendered":"D&#8217;espoli a espoli, i tots a Salamanca"},"content":{"rendered":"<p><a href=\"http:\/\/peresabat.files.wordpress.com\/2009\/12\/espoli1.jpg\"><img decoding=\"async\" border=\"0\" alt=\"\" src=\"http:\/\/peresabat.files.wordpress.com\/2009\/12\/espoli1.jpg?w=300\" \/><\/a><\/p>\n<div align=\"justify\"><span style=\"font-family:arial;font-size:130%;\">L\u2019espoli s\u2019ha consumat i fent gala del carrer on s\u2019ha dipositat, l\u2019arxiu del fotoperiodista Agust\u00ed Centelles ja \u00e9s a Salamanca, a &#8220;<em>l\u2019Archivo General de la Guerra Civil Espa\u00f1ola<\/em>&#8220;. L\u2019arxiu ja \u00e9s all\u00e0, al lloc on el franquisme va dipositar tot el material confiscat, incautat i espoliat de centenars d\u2019entitats, de milers de particulars i de la Generalitat.<br \/><\/span><br \/><span style=\"font-family:arial;font-size:130%;\">Amb la cessi\u00f3 material del fons s\u2019acaba un trist episodi en l\u2019\u00e0mbit cultural dels \u00faltims anys al nostre pa\u00eds. La venda de l\u2019arxiu per part dels fills al \u201c<em>Ministerio de Cultura<\/em>\u201d \u00e9s sens dubte un dels actes m\u00e9s nefastos i col\u00b7laboracionistes que s\u2019han produ\u00eft en els \u00faltims lustres. \u00c9s l\u00edcit que els descendents venguin a qui vulguin, per\u00f2 \u00e9s una falta de respecte de gran magnitud fer-ho als qui volen entaforar el llegat de Centelles a l\u2019Arxiu que representa la repressi\u00f3, l\u2019espoli i l\u2019intent d\u2019aniquilaci\u00f3 de Catalunya en mans del feixisme espanyol.<\/p>\n<p>Que l\u2019arxiu ha anat a Salamanca perqu\u00e8 els fills de Centelles aix\u00ed ho han volgut i desitjat \u00e9s incontestable, per\u00f2 perqu\u00e8 aquest lamentable fet es produ\u00eds calia que el \u201c<em>Ministerio de Cultura de Espa\u00f1a<\/em>\u201d pretengu\u00e9s comprar l\u2019arxiu, i impedir que ho fes la Conselleria de Cultura de la Generalitat de Catalunya.<br \/><em>&#8220;El Ministerio de Cultura&#8221;<\/em> del Regne d\u2019Espanya ha actuat legalment, cert. La ministra Sinde ha fet el que la llei li permet. Ara b\u00e9, que la legalitat no ho tapi tot. Per molt legal que hagi estat l\u2019operaci\u00f3 aix\u00f2 no implica que hagi estat honesta, l\u00edcita o que s\u2019hagi realitzat amb el m\u00ednim exigible de lleialtat institucional. &#8220;<em>El Gobierno de Espa\u00f1a&#8221;<\/em> ha actuat de mala fe i de manera tra\u00efdora, talment com si aquest espoli fos la torna del retorn dels papers espoliats per el feixisme durant la Guerra d\u2019Espanya.<\/p>\n<p>L\u2019\u00faltima consideraci\u00f3 que es pot fer de tot aquest afer \u00e9s sobre la concepci\u00f3 en qu\u00e8 &#8220;e<em>l Gobierno de Espa\u00f1a&#8221;<\/em> mira Catalunya. Que la ministra Sinde afirm\u00e9s que \u201c<em>el archivo estar\u00e1 disponible en Salamanca para todos los espa\u00f1oles<\/em>\u201d demostra que Catalunya per l\u2019estat no \u00e9s m\u00e9s que una trista col\u00f2nia. Per qu\u00e8 si Catalunya fos Espanya, com no paren de blasfemar, l\u2019arxiu no estaria disponible tamb\u00e9 per a tots els espanyols, per exemple a l\u2019Arxiu Nacional de Sant Cugat? Per qu\u00e8 doncs aquesta d\u00e8ria espoliadora? Per her\u00e8ncia? Diuen que ser President de la Generalitat torna patriota a tot aquell que arriba al c\u00e0rrec. Ser ministre del &#8220;<em>Gobierno de Espa\u00f1a&#8221;<\/em> porta directament a espoliar i fer sempre el mateix?<\/p>\n<p>L\u2019afer Centelles no deixa de ser una mostra de m\u00e9s de l\u2019odi que Espanya professa cap a Catalunya i tot all\u00f2 que \u00e9s catal\u00e0.<\/p>\n<p>Espanya i espoli, una praxi del segle XX i del XXI.<\/div>\n<p><\/span><\/p>\n<div class=\"blogger-post-footer\"><img width='1' height='1' src='https:\/\/blogger.googleusercontent.com\/tracker\/2467933452740288616-5223247278925523864?l=peresabat.blogspot.com' alt='' \/><\/div>\n","protected":false},"excerpt":{"rendered":"<p>L\u2019espoli s\u2019ha consumat i fent gala del carrer on s\u2019ha dipositat, l\u2019arxiu del fotoperiodista Agust\u00ed Centelles ja \u00e9s a Salamanca, a &#8220;l\u2019Archivo General de la Guerra Civil Espa\u00f1ola&#8220;. L\u2019arxiu ja \u00e9s all\u00e0, al lloc on el franquisme va dipositar tot el material confiscat, incautat i espoliat de centenars d\u2019entitats, de milers de particulars i de&#8230;<\/p>\n","protected":false},"author":2,"featured_media":0,"comment_status":"open","ping_status":"open","sticky":false,"template":"","format":"standard","meta":{"footnotes":""},"categories":[26],"tags":[],"class_list":["post-928","post","type-post","status-publish","format-standard","hentry","category-uncategorized"],"_links":{"self":[{"href":"https:\/\/www.blocdelsabat.cat\/index.php?rest_route=\/wp\/v2\/posts\/928","targetHints":{"allow":["GET"]}}],"collection":[{"href":"https:\/\/www.blocdelsabat.cat\/index.php?rest_route=\/wp\/v2\/posts"}],"about":[{"href":"https:\/\/www.blocdelsabat.cat\/index.php?rest_route=\/wp\/v2\/types\/post"}],"author":[{"embeddable":true,"href":"https:\/\/www.blocdelsabat.cat\/index.php?rest_route=\/wp\/v2\/users\/2"}],"replies":[{"embeddable":true,"href":"https:\/\/www.blocdelsabat.cat\/index.php?rest_route=%2Fwp%2Fv2%2Fcomments&post=928"}],"version-history":[{"count":0,"href":"https:\/\/www.blocdelsabat.cat\/index.php?rest_route=\/wp\/v2\/posts\/928\/revisions"}],"wp:attachment":[{"href":"https:\/\/www.blocdelsabat.cat\/index.php?rest_route=%2Fwp%2Fv2%2Fmedia&parent=928"}],"wp:term":[{"taxonomy":"category","embeddable":true,"href":"https:\/\/www.blocdelsabat.cat\/index.php?rest_route=%2Fwp%2Fv2%2Fcategories&post=928"},{"taxonomy":"post_tag","embeddable":true,"href":"https:\/\/www.blocdelsabat.cat\/index.php?rest_route=%2Fwp%2Fv2%2Ftags&post=928"}],"curies":[{"name":"wp","href":"https:\/\/api.w.org\/{rel}","templated":true}]}}