{"id":940,"date":"2010-01-05T13:14:00","date_gmt":"2010-01-05T13:14:00","guid":{"rendered":"http:\/\/peresabat.wordpress.com\/2010\/01\/05\/sobre-la-injusticia-espanola"},"modified":"2010-01-05T13:14:00","modified_gmt":"2010-01-05T13:14:00","slug":"sobre-la-injusticia-espanola","status":"publish","type":"post","link":"https:\/\/www.blocdelsabat.cat\/?p=940","title":{"rendered":"Sobre la (In)just\u00edcia &#8220;Espa\u00f1ola&#8221;"},"content":{"rendered":"<p><a href=\"http:\/\/peresabat.files.wordpress.com\/2010\/01\/justicia1.jpg\"><img decoding=\"async\" border=\"0\" alt=\"\" src=\"http:\/\/peresabat.files.wordpress.com\/2010\/01\/justicia1.jpg?w=300\" \/><\/a><\/p>\n<div align=\"justify\"><span style=\"font-family:arial;font-size:130%;\">Que l\u2019estat espanyol \u00e9s una r\u00e8mora per els catalans \u00e9s una obvietat que gaireb\u00e9 fa riure quan alg\u00fa pret\u00e9n contradir-la. Un dels elements que fan que aix\u00f2 sigui aix\u00ed \u00e9s el p\u00e8ssim funcionament de la just\u00edcia del Regne d\u2019Espanya. Un sistema lent, absolutament mega burocratitzat i ineficient. I qui pensi, despr\u00e8s d\u2019aquesta innocent definici\u00f3 de la judicatura espanyola, \u201cja hi som, aquests independentistes criticant-t\u2019ho tot!\u201d. Doncs no. La mateixa Consellera de Just\u00edcia de Catalunya, la socialista Montserrat Tura, va recon\u00e8ixer en una entrevista al diari El Punt que la just\u00edcia en un estat catal\u00e0 independent funcionaria millor.<\/p>\n<p>Per\u00f2 la just\u00edcia espanyola a m\u00e9s a m\u00e9s d\u2019ineficient, lenta i inefica\u00e7 \u00e9s una just\u00edcia perseguidora. El sistema judicial espanyol es basa, encara, amb la persecuci\u00f3 de les idees desafectes del r\u00e8gim, abans feixista avui mon\u00e0rquic, i per fer-ho utilitza de manera descarada tots els recursos al seu abast.<\/p>\n<p>A Euskal Herria la lluita contra ETA s\u2019ha convertit en una lluita contra l\u2019independentisme basc, una lluita que avarca des de tancar diaris fins a il\u00b7legalitzar partits pol\u00edtics. A Catalunya la lluita \u00e9s diferent, per\u00f2 amb el mateix objectiu.<\/p>\n<p>Durant el dia de les eleccions espanyoles del dia 8 de mar\u00e7 del 2008, des de les plataformes Sobirania i Progr\u00e9s i la PDD es va posar en marxa la campanya \u201cDecideixo Decidir\u201d en qu\u00e8 es demanava a la ciutadania que firm\u00e9s per tal de reclamar la potestat de convocar refer\u00e8ndums vinculants per part del Govern de la Generalitat. Aquesta acci\u00f3 per\u00f2 va ser prohibida a les demarcacions de Barcelona i Tarragona, degut a qu\u00e8 les Audi\u00e8ncies Provincials van considerar que es coaccionava als electors.<br \/>Fins aqu\u00ed ja es podria considerar que la just\u00edcia havia actuat de manera absolutament \u201cdubtosa\u201d i m\u00e9s quan en anteriors comicis s\u2019havien demanat signatures per altres causes i s\u2019havien perm\u00e8s sense cap problema.<br \/>Per\u00f2 no tot acaba en aquest punt.<\/p>\n<p>A l\u2019Alt Pened\u00e8s ten\u00edem la gran sort de tenir una jutgessa molt a gust amb el r\u00e8gim actual, no s\u00e9 si tamb\u00e9 amb l\u2019anterior, i per tal de ser una gran col\u00b7laboracionista va manar que els Mossos es presentessin a totes les taules on es recollien aquestes signatures i que n\u2019identifiquessin les persones que se\u2019n feien responsables.<\/p>\n<p>Avui quasi dos anys despr\u00e8s d\u2019aquell dia, han estat citades tretze persones encausades de \u201cdelicte electoral\u201d entre les quals el President Comarcal d\u2019Esquerra Raimon Soler, el Portaveu Comarcal de les JERC Roger Fuentes o el regidor de la Cup Xavier Navarro.<\/p>\n<p>Aquest encausament no \u00e9s res m\u00e9s que un acte a afegir a la llarga llista d\u2019accions de la just\u00edcia espanyola en contra de l\u2019independentisme, un independentisme completament democr\u00e0tic i pac\u00edfic, malgrat que ells no ho voldrien aix\u00ed, i que es regeix \u00fanica i exclusivament per fins no violents. L\u2019independentisme \u00e9s una opci\u00f3 leg\u00edtima per m\u00e9s que a la c\u00fapula judicial del r\u00e8gim no li agradi, i per tant no es pot permetre que des de les inst\u00e0ncies de l\u2019estat espanyol, on segons diuen tamb\u00e9 pertanyem, s\u2019inici\u00efn accions completament arbitr\u00e0ries en contra d\u2019aquest moviment.<\/p>\n<p>Nom\u00e9s queda afegir que si la just\u00edcia espanyola i els col\u00b7laboracionistes creuen que amb accions com aquest encausament faran que el moviment de la llibertat tingui por s\u2019equivoca de mig a mig. Tota acci\u00f3 judicial o policial en contra de l\u2019independentisme nom\u00e9s servir\u00e0 per fer-nos m\u00e9s forts.<\/p>\n<p><\/span><\/div>\n<div class=\"blogger-post-footer\"><img width='1' height='1' src='https:\/\/blogger.googleusercontent.com\/tracker\/2467933452740288616-7302358891256229561?l=peresabat.blogspot.com' alt='' \/><\/div>\n","protected":false},"excerpt":{"rendered":"<p>Que l\u2019estat espanyol \u00e9s una r\u00e8mora per els catalans \u00e9s una obvietat que gaireb\u00e9 fa riure quan alg\u00fa pret\u00e9n contradir-la. Un dels elements que fan que aix\u00f2 sigui aix\u00ed \u00e9s el p\u00e8ssim funcionament de la just\u00edcia del Regne d\u2019Espanya. Un sistema lent, absolutament mega burocratitzat i ineficient. I qui pensi, despr\u00e8s d\u2019aquesta innocent definici\u00f3 de&#8230;<\/p>\n","protected":false},"author":2,"featured_media":0,"comment_status":"open","ping_status":"open","sticky":false,"template":"","format":"standard","meta":{"footnotes":""},"categories":[26],"tags":[],"class_list":["post-940","post","type-post","status-publish","format-standard","hentry","category-uncategorized"],"_links":{"self":[{"href":"https:\/\/www.blocdelsabat.cat\/index.php?rest_route=\/wp\/v2\/posts\/940","targetHints":{"allow":["GET"]}}],"collection":[{"href":"https:\/\/www.blocdelsabat.cat\/index.php?rest_route=\/wp\/v2\/posts"}],"about":[{"href":"https:\/\/www.blocdelsabat.cat\/index.php?rest_route=\/wp\/v2\/types\/post"}],"author":[{"embeddable":true,"href":"https:\/\/www.blocdelsabat.cat\/index.php?rest_route=\/wp\/v2\/users\/2"}],"replies":[{"embeddable":true,"href":"https:\/\/www.blocdelsabat.cat\/index.php?rest_route=%2Fwp%2Fv2%2Fcomments&post=940"}],"version-history":[{"count":0,"href":"https:\/\/www.blocdelsabat.cat\/index.php?rest_route=\/wp\/v2\/posts\/940\/revisions"}],"wp:attachment":[{"href":"https:\/\/www.blocdelsabat.cat\/index.php?rest_route=%2Fwp%2Fv2%2Fmedia&parent=940"}],"wp:term":[{"taxonomy":"category","embeddable":true,"href":"https:\/\/www.blocdelsabat.cat\/index.php?rest_route=%2Fwp%2Fv2%2Fcategories&post=940"},{"taxonomy":"post_tag","embeddable":true,"href":"https:\/\/www.blocdelsabat.cat\/index.php?rest_route=%2Fwp%2Fv2%2Ftags&post=940"}],"curies":[{"name":"wp","href":"https:\/\/api.w.org\/{rel}","templated":true}]}}