{"id":956,"date":"2010-01-16T16:10:00","date_gmt":"2010-01-16T16:10:00","guid":{"rendered":"http:\/\/peresabat.wordpress.com\/2010\/01\/16\/la-constitucio-feixista-espanyola"},"modified":"2010-01-16T16:10:00","modified_gmt":"2010-01-16T16:10:00","slug":"la-constitucio-feixista-espanyola","status":"publish","type":"post","link":"https:\/\/www.blocdelsabat.cat\/?p=956","title":{"rendered":"La Constituci\u00f3 Feixista Espanyola"},"content":{"rendered":"<p><a href=\"http:\/\/peresabat.files.wordpress.com\/2010\/01\/constitucio-espanyola1.jpg\"><img decoding=\"async\" border=\"0\" alt=\"\" src=\"http:\/\/peresabat.files.wordpress.com\/2010\/01\/constitucio-espanyola1.jpg?w=225\" \/><\/a><\/p>\n<div align=\"justify\"><span style=\"font-family:arial;font-size:130%;\">Sorpresa? No. La veritat \u00e9s que descobrir que al Parlament Europeu hi ha una c\u00f2pia de la Constituci\u00f3 espanyola amb els s\u00edmbols del feixisme nacionalcat\u00f2lic no m\u2019ha causat cap sorpresa. Sorpresa no, indignaci\u00f3 s\u00ed.<\/p>\n<p>No sorpr\u00e8n perqu\u00e8 caldria recordar que la primera impressi\u00f3 que es va fer de la Constituci\u00f3 espanyola va ser la que s\u2019exhibeix de manera desacomplexada a la seu parlament\u00e0ria d\u2019Europa, una Constituci\u00f3 plegada de la simbologia del r\u00e8gim totalitari que va assassinar al President Companys. Sembla que aquest fet era desconegut per la vice-presidenta del \u201c<em>Gobierno de Espa\u00f1a<\/em>\u201d que ha negat que exist\u00eds una Constituci\u00f3 vestida amb l\u2019\u00e0liga de \u201cSan Juan\u201d i el lema \u201cuna, grande y libre\u201d.<\/p>\n<p>Aquest fet no deixa de demostrar que la pretesa transici\u00f3 espanyola de la que tant farden m\u00e9s enll\u00e0 de l\u2019Ebre, no va deixar de ser una trista i humiliant transacci\u00f3.<br \/>Al Regne d\u2019Espanya no hi va haver un canvi de r\u00e8gim, al Regne d\u2019Espanya el que hi va haver va ser un repintat de les parets fundadores \u201c<em>del movimineto<\/em>\u201d. I punt.<br \/>Espanya va fer una transacci\u00f3 d\u2019institucions, de noms i un gran esfor\u00e7 per maquillar tot el que va poder. Ara b\u00e9, no va passar d\u2019aqu\u00ed, perqu\u00e8 sin\u00f3 seria impossible que com a element caracter\u00edstic de l\u2019estat \u2013democr\u00e0tic?-, el Congr\u00e9s dels Diputats hagu\u00e9s escollit la Constituci\u00f3 amb la simbologia feixista a tota portada.<\/p>\n<p>El fet de confondre transici\u00f3 amb transacci\u00f3 porta a Espanya a viure en una realitat virtual. Espanya despr\u00e8s de m\u00e9s de 30 anys encara no s\u2019ha acceptat a ella mateixa, ni tal com \u00e9s ara ni com era abans. Per Espanya no \u00e9s estrany sentir quan es comparen les dictadures feixistes d\u2019arreu del m\u00f3n \u201c<em>bueno pero en Espa\u00f1a no fue tanto<\/em>\u201d. \u00c9s lamentabe que els ciutadans s&#8217;indignin per els assassinats de les dictadures d&#8217;Alemanya o Xile, i en canvi visquin tan tranquils amb els assassiants orquestats per la dictadura espanyola. La indocumentaci\u00f3 i ignor\u00e0ncia de la societat \u00e9s alta, fet que condueix a afirmar o fer absolutes barbaritats, com per exemple enviar al Parlament Europeu una c\u00f2pia d\u2019una Constituci\u00f3 amb els s\u00edmbols d\u2019un dels r\u00e8gims m\u00e9s mort\u00edfers de la hist\u00f2ria.<\/p>\n<p>Espanya a difer\u00e8ncia d\u2019altres pa\u00efsos que van patir el feixisme no ha fet rep\u00e0s de la seva hist\u00f2ria, ja que un fet com aquest a Alemanya o a It\u00e0lia seria absolutament impossible. No han estat eurodiputats espanyols els que han denunciat la pres\u00e8ncia de la Constituci\u00f3 feixista al Parlament Europeu, sin\u00f3 que ha hagut de ser el diputat d\u2019Esquerra, Oriol Junqueras, qui ha presentat una queixa formal al President del Parlament per demanar explicacions per l\u2019exhibici\u00f3 d\u2019aquest insult.<\/p>\n<p>Espanya una vegada m\u00e9s es fa indigne del terme \u201cdemocr\u00e0cia\u201d, Espanya una vegada m\u00e9s avala el seu passat i humilia als milers i milers de v\u00edctimes del feixisme.<br \/><\/span><\/div>\n<div class=\"blogger-post-footer\"><img width='1' height='1' src='https:\/\/blogger.googleusercontent.com\/tracker\/2467933452740288616-7468565756717636414?l=peresabat.blogspot.com' alt='' \/><\/div>\n","protected":false},"excerpt":{"rendered":"<p>Sorpresa? No. La veritat \u00e9s que descobrir que al Parlament Europeu hi ha una c\u00f2pia de la Constituci\u00f3 espanyola amb els s\u00edmbols del feixisme nacionalcat\u00f2lic no m\u2019ha causat cap sorpresa. Sorpresa no, indignaci\u00f3 s\u00ed. No sorpr\u00e8n perqu\u00e8 caldria recordar que la primera impressi\u00f3 que es va fer de la Constituci\u00f3 espanyola va ser la que&#8230;<\/p>\n","protected":false},"author":2,"featured_media":0,"comment_status":"open","ping_status":"open","sticky":false,"template":"","format":"standard","meta":{"footnotes":""},"categories":[26],"tags":[],"class_list":["post-956","post","type-post","status-publish","format-standard","hentry","category-uncategorized"],"_links":{"self":[{"href":"https:\/\/www.blocdelsabat.cat\/index.php?rest_route=\/wp\/v2\/posts\/956","targetHints":{"allow":["GET"]}}],"collection":[{"href":"https:\/\/www.blocdelsabat.cat\/index.php?rest_route=\/wp\/v2\/posts"}],"about":[{"href":"https:\/\/www.blocdelsabat.cat\/index.php?rest_route=\/wp\/v2\/types\/post"}],"author":[{"embeddable":true,"href":"https:\/\/www.blocdelsabat.cat\/index.php?rest_route=\/wp\/v2\/users\/2"}],"replies":[{"embeddable":true,"href":"https:\/\/www.blocdelsabat.cat\/index.php?rest_route=%2Fwp%2Fv2%2Fcomments&post=956"}],"version-history":[{"count":0,"href":"https:\/\/www.blocdelsabat.cat\/index.php?rest_route=\/wp\/v2\/posts\/956\/revisions"}],"wp:attachment":[{"href":"https:\/\/www.blocdelsabat.cat\/index.php?rest_route=%2Fwp%2Fv2%2Fmedia&parent=956"}],"wp:term":[{"taxonomy":"category","embeddable":true,"href":"https:\/\/www.blocdelsabat.cat\/index.php?rest_route=%2Fwp%2Fv2%2Fcategories&post=956"},{"taxonomy":"post_tag","embeddable":true,"href":"https:\/\/www.blocdelsabat.cat\/index.php?rest_route=%2Fwp%2Fv2%2Ftags&post=956"}],"curies":[{"name":"wp","href":"https:\/\/api.w.org\/{rel}","templated":true}]}}