{"id":957,"date":"2010-01-17T13:32:00","date_gmt":"2010-01-17T13:32:00","guid":{"rendered":"http:\/\/peresabat.wordpress.com\/2010\/01\/17\/personatge-de-la-setmana-josep-anglada"},"modified":"2010-01-17T13:32:00","modified_gmt":"2010-01-17T13:32:00","slug":"personatge-de-la-setmana-josep-anglada","status":"publish","type":"post","link":"https:\/\/www.blocdelsabat.cat\/?p=957","title":{"rendered":"Personatge de la setmana: Josep Anglada"},"content":{"rendered":"<p><a href=\"http:\/\/peresabat.files.wordpress.com\/2010\/01\/josep_anglada_nazi1.jpg\"><img decoding=\"async\" border=\"0\" alt=\"\" src=\"http:\/\/peresabat.files.wordpress.com\/2010\/01\/josep_anglada_nazi1.jpg?w=300\" \/><\/a><\/p>\n<div align=\"justify\"><span style=\"font-family:arial;font-size:130%;\">Josep Anglada Rius va n\u00e9ixer a Vic l\u2019any 1959, i des de l\u2019any 2003 \u00e9s regidor d\u2019aquesta localitat per Plataforma per Catalunya, un partit que va augmentar al seva pres\u00e8ncia al 2007 quan es va convertir en la segona for\u00e7a pol\u00edtica del municipi. <\/span><\/div>\n<p><span style=\"font-family:arial;font-size:130%;\"><\/p>\n<div align=\"justify\">Anglada tot i preteses disfresses, no deixa de ser el mateix que participava als homenatges del 20 de novembre al Valle de los Ca\u00eddos a Mardid on no parava de cridar visques a Espanya i a Franco. Anglada no deixa de ser aquell feixista que anava de bracet amb Blas Pi\u00f1ar balbucejant les grans \u201cvirtuts\u201d del feixisme espanyol . Anglada no ha canviat, tal i com va afirmar en un programa de c\u00e1mara oculta em\u00e8s per Canal 9: \u201c<em>sigo llevando el agila, el yugo y las flechas en el coraz\u00f3n<\/em>\u201d. Anglada per\u00f2 t\u00e9 quatre regidors a Vic, i 17 arreu de Catalunya. <\/div>\n<div align=\"justify\">Anglada no ha aconseguit arribar a ser segona for\u00e7a pol\u00edtica a Vic a trav\u00e9s del seu passat\/present feixista. S\u00ed Anglada t\u00e9 4 regidors a Vic \u00e9s perqu\u00e8 ha sabut explotar un tema que els partits de tradici\u00f3 democr\u00e0tica havien descuidat. <\/div>\n<div align=\"justify\">Angalda i la seva xen\u00f2foba Plataforma per Catalunya han aconseguit cert espai al fer un discurs completament extremista i racista envers la immigraci\u00f3, un discurs que aposta per expulsar els immigrants il\u00b7legals, tancar fronteres, deixar-los sense serveis p\u00fablics\u2026 a m\u00e9s de responsabilitzar a aquest col\u00b7lectiu de ser els culpables de la crisi, tal i com resa un dels seus lemes \u201ccontrolem la immigraci\u00f3. Aturem la crisi\u201d. Un discurs que en temps de crisi econ\u00f2mica i en una ciutat on una quarta part de la poblaci\u00f3 \u00e9s immigrant, t\u00e9 certa base on quallar. <\/div>\n<div align=\"justify\">Plataforma no \u00e9s el partit m\u00e9s votat a Vic, no, per\u00f2 tot i aix\u00ed ja es pot considerar que ha guanyat, parcialment, la batalla de les idees. Quan aquesta setmana l\u2019ajuntament ha aprovat que no empadronaria cap immigrant sense papers, el que ha aconseguit \u00e9s donar una gran rellev\u00e0ncia a Angalda i al seu partit de xen\u00f2fobs. Anglada ha aconseguit imposar la seva agenda pol\u00edtica en quant a immigraci\u00f3, i aix\u00f2 \u00e9s lamentable, perqu\u00e8 la mesura aprovada a Vic no far\u00e0 m\u00e9s que permetre que la immigraci\u00f3 estigui m\u00e9s descontrolada, ja que ser\u00e0 invisible i sobretot, aquesta mesura d\u00f3na legitimitat a Plataforma i l\u2019assimila com un partit m\u00e9s. <\/div>\n<div align=\"justify\">Anglada ha aconseguit posar en primera plana de diaris i informatius la tem\u00e0tica i les propostes que ell defensa, un espai de propaganda perfecte que li ser\u00e0 molt \u00fatil per la campanya de les eleccions al Parlament on espera treure entre 4 i 8 diputats.<br \/><\/span><\/div>\n<div class=\"blogger-post-footer\"><img width='1' height='1' src='https:\/\/blogger.googleusercontent.com\/tracker\/2467933452740288616-4559529587643872214?l=peresabat.blogspot.com' alt='' \/><\/div>\n","protected":false},"excerpt":{"rendered":"<p>Josep Anglada Rius va n\u00e9ixer a Vic l\u2019any 1959, i des de l\u2019any 2003 \u00e9s regidor d\u2019aquesta localitat per Plataforma per Catalunya, un partit que va augmentar al seva pres\u00e8ncia al 2007 quan es va convertir en la segona for\u00e7a pol\u00edtica del municipi. Anglada tot i preteses disfresses, no deixa de ser el mateix que&#8230;<\/p>\n","protected":false},"author":2,"featured_media":0,"comment_status":"open","ping_status":"open","sticky":false,"template":"","format":"standard","meta":{"footnotes":""},"categories":[26],"tags":[],"class_list":["post-957","post","type-post","status-publish","format-standard","hentry","category-uncategorized"],"_links":{"self":[{"href":"https:\/\/www.blocdelsabat.cat\/index.php?rest_route=\/wp\/v2\/posts\/957","targetHints":{"allow":["GET"]}}],"collection":[{"href":"https:\/\/www.blocdelsabat.cat\/index.php?rest_route=\/wp\/v2\/posts"}],"about":[{"href":"https:\/\/www.blocdelsabat.cat\/index.php?rest_route=\/wp\/v2\/types\/post"}],"author":[{"embeddable":true,"href":"https:\/\/www.blocdelsabat.cat\/index.php?rest_route=\/wp\/v2\/users\/2"}],"replies":[{"embeddable":true,"href":"https:\/\/www.blocdelsabat.cat\/index.php?rest_route=%2Fwp%2Fv2%2Fcomments&post=957"}],"version-history":[{"count":0,"href":"https:\/\/www.blocdelsabat.cat\/index.php?rest_route=\/wp\/v2\/posts\/957\/revisions"}],"wp:attachment":[{"href":"https:\/\/www.blocdelsabat.cat\/index.php?rest_route=%2Fwp%2Fv2%2Fmedia&parent=957"}],"wp:term":[{"taxonomy":"category","embeddable":true,"href":"https:\/\/www.blocdelsabat.cat\/index.php?rest_route=%2Fwp%2Fv2%2Fcategories&post=957"},{"taxonomy":"post_tag","embeddable":true,"href":"https:\/\/www.blocdelsabat.cat\/index.php?rest_route=%2Fwp%2Fv2%2Ftags&post=957"}],"curies":[{"name":"wp","href":"https:\/\/api.w.org\/{rel}","templated":true}]}}