{"id":958,"date":"2010-01-20T16:28:00","date_gmt":"2010-01-20T16:28:00","guid":{"rendered":"http:\/\/peresabat.wordpress.com\/2010\/01\/20\/obama-avui-fa-un-any"},"modified":"2010-01-20T16:28:00","modified_gmt":"2010-01-20T16:28:00","slug":"obama-avui-fa-un-any","status":"publish","type":"post","link":"https:\/\/www.blocdelsabat.cat\/?p=958","title":{"rendered":"Obama, Avui fa un Any"},"content":{"rendered":"<p><a href=\"http:\/\/peresabat.files.wordpress.com\/2010\/01\/obama1.jpg\"><img decoding=\"async\" border=\"0\" alt=\"\" src=\"http:\/\/peresabat.files.wordpress.com\/2010\/01\/obama1.jpg?w=240\" \/><\/a><\/p>\n<div align=\"justify\"><span style=\"font-family:arial;font-size:130%;\"><em>Avui reprodueixo el post que vaig escriure el passat 20 de gener del 2009 en motiu de l&#8217;acceptaci\u00f3 de Barack Obama com a 44\u00e9 President dels Estats Units:<\/em><\/span><\/div>\n<p><\/p>\n<div align=\"justify\"><span style=\"font-family:arial;font-size:130%;\">&#8220;Aquesta tarda hora europea, mat\u00ed als Estats Units, es posa punt i final a un llarg proc\u00e9s, un proc\u00e9s que va comen\u00e7ar amb la lluita en les eleccions prim\u00e0ries, que va desembocar en l\u2019elecci\u00f3 de Barack Obama com a presidenciable dem\u00f2crata al 4 de novembre i que va acabar en aquell emocionant dimarts de novembre amb la vict\u00f2ria de Barack Obama.<\/p>\n<p>A partir de llavors el llarg, llarg proc\u00e9s de transici\u00f3 ha ocupat la l\u00ednia temporal d\u2019aquest fet anomenat \u201csomni\u201d. Durant la transici\u00f3 s\u2019han produ\u00eft els nomenaments de tots els c\u00e0rrecs que integraran la nova administraci\u00f3 dem\u00f2crata encap\u00e7alada per la flamant secret\u00e0ria d\u2019estat, Hillary Clinton, una Hillary que va demostrar sobradament la seva preparaci\u00f3 durant la sessi\u00f3 en qu\u00e8 el Senat li va donar l\u2019ok.<\/p>\n<p>Obama avui inicia una etapa que, despr\u00e8s de gaudir de totes les celebracions i balls per commemorar la seva acceptaci\u00f3 de la Presid\u00e8ncia, s\u2019albira complicada i dif\u00edcil, a m\u00e9s de transcendental per el futur, no nom\u00e9s dels Estats Units, sin\u00f3 tamb\u00e9 del m\u00f3n.<\/p>\n<p>Obama s\u2019haur\u00e0 d\u2019afrontar a uns desafiaments globals, el recent conflicte entre Hamas i Israel nom\u00e9s ha estat la punta de l\u2019iceberg. El pr\u00f2xim Orient centrar\u00e0 gran part de la pol\u00edtica exterior de la nova administraci\u00f3, haur\u00e0 de fer front tamb\u00e9 a una recol\u00b7locaci\u00f3 del mapa mundial de pot\u00e8ncies i superpot\u00e8ncies, un mapa on sorgiran en els pr\u00f2xims anys pa\u00efsos com Brasil, \u00cdndia o la Xina, uns estats que reclamaran el seu lloc en les cadires poderoses del m\u00f3n.<\/p>\n<p>El, ja, President Obama, arriba al c\u00e0rrec amb el 79% de la poblaci\u00f3 favorable, o si m\u00e9s no, una poblaci\u00f3 que confia que en el seu mandat es resolgui la greu crisi econ\u00f2mica mundial. Obama per\u00f2 en aquests dies ha passat del fam\u00f3s \u201cYes We Can\u201d i de l\u2019esperan\u00e7a sense l\u00edmits, a un discurs exigent amb el seu pa\u00eds i amb els seus compatriotes, un discurs que encoratge a seguir lluitant, a seguir esfor\u00e7ant-se. Aquesta \u00e9s la clau, esfor\u00e7ar-se per millorar el pa\u00eds entre tots. Obama ha introdu\u00eft dosis de pragmatisme, tant en pol\u00edtica exterior, com en pol\u00edtica interior.<\/p>\n<p>El President Obama inicia avui doncs la seva primera legislatura, un inici que s\u2019haur\u00e0 de veure com comen\u00e7a, si comen\u00e7a amb la declaraci\u00f3 del tancament de Guant\u00e1namo o amb l\u2019inici de replegament de tropes a l\u2019Iraq. Obama a m\u00e9s haur\u00e0 de comen\u00e7ar a mostrar les seves intencions reals en mat\u00e8ria econ\u00f2mica, s\u2019haur\u00e0 d\u2019escollir si es comen\u00e7a amb un programa d\u2019intervenci\u00f3 p\u00fablica o si per contra es comen\u00e7a amb una retallada d\u2019impostos.<\/p>\n<p>Obama haur\u00e0 de decidir com participa de la soluci\u00f3 al pr\u00f2xim orient, s\u2019haur\u00e0 de veure quina \u00e9s la relaci\u00f3 amb la Uni\u00f3 Europea, s\u2019haur\u00e0 de comprovar amb quins aliats prefereix tractar, en fi, encara queda molt per poder saber de com ser\u00e0 la nova administraci\u00f3 Obama.<\/p>\n<p>Obama inicia avui, tal i com ell diu, una nova era, una nova era en qu\u00e8 hi ha m\u00e9s interrogants que certeses, encara que la major i millor certesa, \u00e9s aquella que flota a l\u2019aire, \u201cel canvi\u201d, un canvi, una esperan\u00e7a que ara s\u2019hi ha posat el fre de m\u00e0.&#8221;<\/p>\n<p><\/span><\/div>\n<div class=\"blogger-post-footer\"><img width='1' height='1' src='https:\/\/blogger.googleusercontent.com\/tracker\/2467933452740288616-8633746093966783828?l=peresabat.blogspot.com' alt='' \/><\/div>\n","protected":false},"excerpt":{"rendered":"<p>Avui reprodueixo el post que vaig escriure el passat 20 de gener del 2009 en motiu de l&#8217;acceptaci\u00f3 de Barack Obama com a 44\u00e9 President dels Estats Units: &#8220;Aquesta tarda hora europea, mat\u00ed als Estats Units, es posa punt i final a un llarg proc\u00e9s, un proc\u00e9s que va comen\u00e7ar amb la lluita en les&#8230;<\/p>\n","protected":false},"author":2,"featured_media":0,"comment_status":"open","ping_status":"open","sticky":false,"template":"","format":"standard","meta":{"footnotes":""},"categories":[26],"tags":[],"class_list":["post-958","post","type-post","status-publish","format-standard","hentry","category-uncategorized"],"_links":{"self":[{"href":"https:\/\/www.blocdelsabat.cat\/index.php?rest_route=\/wp\/v2\/posts\/958","targetHints":{"allow":["GET"]}}],"collection":[{"href":"https:\/\/www.blocdelsabat.cat\/index.php?rest_route=\/wp\/v2\/posts"}],"about":[{"href":"https:\/\/www.blocdelsabat.cat\/index.php?rest_route=\/wp\/v2\/types\/post"}],"author":[{"embeddable":true,"href":"https:\/\/www.blocdelsabat.cat\/index.php?rest_route=\/wp\/v2\/users\/2"}],"replies":[{"embeddable":true,"href":"https:\/\/www.blocdelsabat.cat\/index.php?rest_route=%2Fwp%2Fv2%2Fcomments&post=958"}],"version-history":[{"count":0,"href":"https:\/\/www.blocdelsabat.cat\/index.php?rest_route=\/wp\/v2\/posts\/958\/revisions"}],"wp:attachment":[{"href":"https:\/\/www.blocdelsabat.cat\/index.php?rest_route=%2Fwp%2Fv2%2Fmedia&parent=958"}],"wp:term":[{"taxonomy":"category","embeddable":true,"href":"https:\/\/www.blocdelsabat.cat\/index.php?rest_route=%2Fwp%2Fv2%2Fcategories&post=958"},{"taxonomy":"post_tag","embeddable":true,"href":"https:\/\/www.blocdelsabat.cat\/index.php?rest_route=%2Fwp%2Fv2%2Ftags&post=958"}],"curies":[{"name":"wp","href":"https:\/\/api.w.org\/{rel}","templated":true}]}}