{"id":960,"date":"2010-01-22T10:07:00","date_gmt":"2010-01-22T10:07:00","guid":{"rendered":"http:\/\/peresabat.wordpress.com\/2010\/01\/22\/avui-com-ahir-fa-quatre-anys"},"modified":"2010-01-22T10:07:00","modified_gmt":"2010-01-22T10:07:00","slug":"avui-com-ahir-fa-quatre-anys","status":"publish","type":"post","link":"https:\/\/www.blocdelsabat.cat\/?p=960","title":{"rendered":"Avui com Ahir fa Quatre Anys"},"content":{"rendered":"<p><a href=\"http:\/\/peresabat.files.wordpress.com\/2010\/01\/pacte-mas-zapatero1.jpg\"><img decoding=\"async\" border=\"0\" alt=\"\" src=\"http:\/\/peresabat.files.wordpress.com\/2010\/01\/pacte-mas-zapatero1.jpg?w=300\" \/><\/a><\/p>\n<div align=\"justify\"><span style=\"font-family:arial;font-size:130%;\">Catalunya t\u00e9 dates marcades en vermell, dates en qu\u00e8 com a pa\u00eds celebrem o commemorem una efem\u00e8ride concreta. Ahir commemor\u00e0vem que fa quatre anys que Artur Mas va pactar retallar l\u2019estatut amb Zapatero a canvi de poder tornar a governar la Generalitat.<\/p>\n<p>No deixa de ser divertit que precisament quatre dies abans de la commemoraci\u00f3 del dia de la retallada, Artur Mas fos investit candidat de Converg\u00e8ncia i Uni\u00f3 a la Presid\u00e8ncia de la Generalitat, i que en el seu discurs d\u2019acceptaci\u00f3 proclam\u00e9s que vol \u201cuna naci\u00f3 plena\u201d. Realment o Mas es penedeix del qu\u00e8 va fer, cosa que si s\u2019estim\u00e9s el pa\u00eds faria, o potser \u00e9s que simplement va fer un discurs per continuar aquesta estupidesa de cursa per veure si poden superar Esquerra en discurs independentista.<\/p>\n<p>Ahir es commemorava la fi d\u2019un sentiment col\u00b7lectiu. Ahir es commemorava com a partir de l\u2019acci\u00f3 d\u2019un personatge es pot tirar per terra les il\u00b7lusions de milers i milers de ciutadans. Mas amb la seva acci\u00f3 personalista, egoista i, sincerament, pensant \u00fanicament en el seu partit, va tallar de soca-rel un estat de confian\u00e7a de la ciutadania envers el pa\u00eds. El 30 de setembre va significar una explosi\u00f3 d\u2019alegria i d\u2019il\u00b7lusi\u00f3, una explosi\u00f3 d\u2019orgull i de sentir-se satisfet de ser catal\u00e0. El 30 de setembre era el m\u00ednim com\u00fa denominador del catalanisme. Uns van cedir abaixant les seves ambicions i els altres les van haver de pujar per trobar l\u2019acord. El 30 de setembre el catalanisme estava unit, unit per una causa, la causa de l\u2019autogovern mitjan\u00e7ant l\u2019Estatut, una norma que ens donava una gran, molt gran, autonomia tant a nivell financer, a nivell competencial i tamb\u00e9 nacional.<\/p>\n<p>Amb l\u2019estatut de Mas-ZP per\u00f2, el sentiment de la il\u00b7lusi\u00f3 es va esfumar, i la desafecci\u00f3, la desconfian\u00e7a, el cansament\u2026 s\u2019han acabat imposant.<\/p>\n<p>Alguns grans defensors de l\u2019Estatut de La Moncloa diran que l\u2019actual govern no est\u00e0 aplicant totes les potencialitats que t\u00e9 l\u2019estatut pactat per Mas i Zapatero, pot ser cert. Per\u00f2 el que no pot ser \u00e9s que s\u2019intenti amagar la tra\u00efci\u00f3 de Mas amb la possible no aplicaci\u00f3 total de l\u2019Estatut per part del Govern de la Generalitat.<\/p>\n<p>En un any electoral que significar\u00e0 un canvi de cicle pol\u00edtic, per b\u00e9 o per mal, seria convenient no oblidar el qu\u00e8 ens ha condu\u00eft fins la situaci\u00f3 actual, perqu\u00e8 cal tenir en compte que els que es vesteixen de Bolivars quan els nomenen, no han deixat de ser tristos Cambos.<br \/><\/span><\/div>\n<div class=\"blogger-post-footer\"><img width='1' height='1' src='https:\/\/blogger.googleusercontent.com\/tracker\/2467933452740288616-1677267173901825014?l=peresabat.blogspot.com' alt='' \/><\/div>\n","protected":false},"excerpt":{"rendered":"<p>Catalunya t\u00e9 dates marcades en vermell, dates en qu\u00e8 com a pa\u00eds celebrem o commemorem una efem\u00e8ride concreta. Ahir commemor\u00e0vem que fa quatre anys que Artur Mas va pactar retallar l\u2019estatut amb Zapatero a canvi de poder tornar a governar la Generalitat. No deixa de ser divertit que precisament quatre dies abans de la commemoraci\u00f3&#8230;<\/p>\n","protected":false},"author":2,"featured_media":0,"comment_status":"open","ping_status":"open","sticky":false,"template":"","format":"standard","meta":{"footnotes":""},"categories":[26],"tags":[],"class_list":["post-960","post","type-post","status-publish","format-standard","hentry","category-uncategorized"],"_links":{"self":[{"href":"https:\/\/www.blocdelsabat.cat\/index.php?rest_route=\/wp\/v2\/posts\/960","targetHints":{"allow":["GET"]}}],"collection":[{"href":"https:\/\/www.blocdelsabat.cat\/index.php?rest_route=\/wp\/v2\/posts"}],"about":[{"href":"https:\/\/www.blocdelsabat.cat\/index.php?rest_route=\/wp\/v2\/types\/post"}],"author":[{"embeddable":true,"href":"https:\/\/www.blocdelsabat.cat\/index.php?rest_route=\/wp\/v2\/users\/2"}],"replies":[{"embeddable":true,"href":"https:\/\/www.blocdelsabat.cat\/index.php?rest_route=%2Fwp%2Fv2%2Fcomments&post=960"}],"version-history":[{"count":0,"href":"https:\/\/www.blocdelsabat.cat\/index.php?rest_route=\/wp\/v2\/posts\/960\/revisions"}],"wp:attachment":[{"href":"https:\/\/www.blocdelsabat.cat\/index.php?rest_route=%2Fwp%2Fv2%2Fmedia&parent=960"}],"wp:term":[{"taxonomy":"category","embeddable":true,"href":"https:\/\/www.blocdelsabat.cat\/index.php?rest_route=%2Fwp%2Fv2%2Fcategories&post=960"},{"taxonomy":"post_tag","embeddable":true,"href":"https:\/\/www.blocdelsabat.cat\/index.php?rest_route=%2Fwp%2Fv2%2Ftags&post=960"}],"curies":[{"name":"wp","href":"https:\/\/api.w.org\/{rel}","templated":true}]}}