{"id":961,"date":"2010-01-24T13:28:00","date_gmt":"2010-01-24T13:28:00","guid":{"rendered":"http:\/\/peresabat.wordpress.com\/2010\/01\/24\/personatge-de-la-setmana-sebastian-pinera"},"modified":"2010-01-24T13:28:00","modified_gmt":"2010-01-24T13:28:00","slug":"personatge-de-la-setmana-sebastian-pinera","status":"publish","type":"post","link":"https:\/\/www.blocdelsabat.cat\/?p=961","title":{"rendered":"Personatge de la setmana: Sebasti\u00e1n Pi\u00f1era"},"content":{"rendered":"<p><a href=\"http:\/\/3.bp.blogspot.com\/_kjTqSD8ASz4\/S1xLbhDGyNI\/AAAAAAAABWw\/tR81jtBkkSk\/s1600-h\/S-Pi%C3%B1era\"><img decoding=\"async\" border=\"0\" alt=\"\" src=\"http:\/\/3.bp.blogspot.com\/_kjTqSD8ASz4\/S1xLbhDGyNI\/AAAAAAAABWw\/tR81jtBkkSk\/s320\/S-Pi%C3%B1era\" \/><\/a><\/p>\n<div align=\"justify\"><span style=\"font-family:arial;font-size:130%;\">Sebasti\u00e1n Pi\u00f1era va n\u00e9ixer a Santiago de Xile l\u20191 de desembre de 1949 en el si d\u2019una fam\u00edlia acomodada, una posici\u00f3 que amb els anys ha aconseguit no nom\u00e9s mantenir, sin\u00f3 ampliar tal i com es pot comprovar a partir del r\u00e0nking de la revista Forbes que el situa com la persona m\u00e9s rica de Xile.<\/p>\n<p>Pi\u00f1era gr\u00e0cies al seu triomf al passat diumenge 17, es convertir\u00e0 a partir de l\u201911 de mar\u00e7 en President de Xile, el primer candidat de la dreta que arriba, de forma democr\u00e0tica, al Palacio de La Moneda en cinquanta anys.<\/p>\n<p>Pi\u00f1era \u00e9s conegut com el \u201cBerlusconi de sud-Am\u00e8rica\u201d, degut a qu\u00e8 controla la gran majoria dels mitjans de comunicaci\u00f3 del pa\u00eds, incloent la televisi\u00f3 l\u00edder al pa\u00eds, per\u00f2 que m\u00e9s enll\u00e0 del sector de la comunicaci\u00f3 tamb\u00e9 \u00e9s propietari de la aerolinia LAN i de diverses empreses que engloba des de supermercats fins a entitats financeres. Pi\u00f1era va prometre durant la campanya que vendria aquestes empreses en cas de ser escollit President. Pi\u00f1era, igual que Berlusconi, s\u2019ha vist implicat en diversos casos judicials relacionats amb la corrupci\u00f3, una taca que va planar durant la campanya ja que el seu nom va apar\u00e8ixer en la llista d\u2019un informe sobre Corrupci\u00f3 Internacional.<\/p>\n<p>Pi\u00f1era ser\u00e0 el primer President de la dreta xilena des de la fi de la Dictadura de Pinochet, el candidat de \u201cCoalici\u00f3n por el Cambio\u201d ha sabut aprofitar la mala planificaci\u00f3 de la governant Concertaci\u00f3 que en comptes de buscar un canvi de cares i de reformar-se despr\u00e8s de 20 anys al poder, va escollir com a candidat l\u2019expresident Frei.<br \/>El futur President xil\u00e8 no \u00e9s un nou vingut a la pol\u00edtica del pa\u00eds and\u00ed. Pi\u00f1era va comen\u00e7ar la seva carrera pol\u00edtica al voltant de la Democr\u00e0cia Cristiana, per\u00f2 finalment va entrar a militar a Renovaci\u00f3n Nacional, d\u2019on ha estat senador, un partit de dretes que va donar suport a Pinochet i que en el refer\u00e8ndum del 1988 va demanar el S\u00cd a la continu\u00eftat del dictador. Amb tot cal esmentar que Sebasti\u00e1n Pi\u00f1era en aquest refer\u00e8ndum va demanar el NO. La postura del nou president envers la dictadura pinochestista no \u00e9s massa clara, ja que per una banda va votar no a la seva continu\u00eftat, per\u00f2 per l\u2019altra es va oposar a l\u2019intent d\u2019extradici\u00f3 del dictador a Espanya participant en diversos actes de rebuig i no ha excl\u00f2s la participaci\u00f3 d\u2019ex-ministres de la dictadura en el seu pr\u00f2xim govern afirmant que \u201cno \u00e9s un crim haver estat ministre de Pinochet\u201d.<\/p>\n<p>Pi\u00f1era arribar\u00e0 a la presid\u00e8ncia d\u2019un pa\u00eds que est\u00e0 a les portes de la recuperaci\u00f3 econ\u00f2mica, gr\u00e0cies a la tasca del govern de Michele Bachalet que deixar\u00e0 el c\u00e0rrec amb m\u00e9s del 80% de popularitat, fet que demostra una vegada m\u00e9s que la tria del candidat de la Concertaci\u00f3 va ser err\u00f2nia.<\/p>\n<p>Pi\u00f1era comen\u00e7a un mandat de quatre anys en el que intentar\u00e0 demostrar que la dreta xilena ha deixat endarrera la seva tradicional nost\u00e0lgia pinochestista, una nost\u00e0lgia que es va poder observar en les celebracions de la vict\u00f2ria electoral. Pi\u00f1era t\u00e9 la dif\u00edcil tasca de fer de la dreta una opci\u00f3 normal perqu\u00e8 si no \u00e9s aix\u00ed, i com afirmava un alt dirigent de la coalici\u00f3 de Pi\u00f1era, la dreta s\u2019arriscar\u00e0 a tornar a esperar cinquanta anys m\u00e9s per tornar a La Moneda.<\/span> <\/div>\n<div class=\"blogger-post-footer\"><img width='1' height='1' src='https:\/\/blogger.googleusercontent.com\/tracker\/2467933452740288616-6898724968655111664?l=peresabat.blogspot.com' alt='' \/><\/div>\n","protected":false},"excerpt":{"rendered":"<p>Sebasti\u00e1n Pi\u00f1era va n\u00e9ixer a Santiago de Xile l\u20191 de desembre de 1949 en el si d\u2019una fam\u00edlia acomodada, una posici\u00f3 que amb els anys ha aconseguit no nom\u00e9s mantenir, sin\u00f3 ampliar tal i com es pot comprovar a partir del r\u00e0nking de la revista Forbes que el situa com la persona m\u00e9s rica de&#8230;<\/p>\n","protected":false},"author":2,"featured_media":0,"comment_status":"open","ping_status":"open","sticky":false,"template":"","format":"standard","meta":{"footnotes":""},"categories":[26],"tags":[],"class_list":["post-961","post","type-post","status-publish","format-standard","hentry","category-uncategorized"],"_links":{"self":[{"href":"https:\/\/www.blocdelsabat.cat\/index.php?rest_route=\/wp\/v2\/posts\/961","targetHints":{"allow":["GET"]}}],"collection":[{"href":"https:\/\/www.blocdelsabat.cat\/index.php?rest_route=\/wp\/v2\/posts"}],"about":[{"href":"https:\/\/www.blocdelsabat.cat\/index.php?rest_route=\/wp\/v2\/types\/post"}],"author":[{"embeddable":true,"href":"https:\/\/www.blocdelsabat.cat\/index.php?rest_route=\/wp\/v2\/users\/2"}],"replies":[{"embeddable":true,"href":"https:\/\/www.blocdelsabat.cat\/index.php?rest_route=%2Fwp%2Fv2%2Fcomments&post=961"}],"version-history":[{"count":0,"href":"https:\/\/www.blocdelsabat.cat\/index.php?rest_route=\/wp\/v2\/posts\/961\/revisions"}],"wp:attachment":[{"href":"https:\/\/www.blocdelsabat.cat\/index.php?rest_route=%2Fwp%2Fv2%2Fmedia&parent=961"}],"wp:term":[{"taxonomy":"category","embeddable":true,"href":"https:\/\/www.blocdelsabat.cat\/index.php?rest_route=%2Fwp%2Fv2%2Fcategories&post=961"},{"taxonomy":"post_tag","embeddable":true,"href":"https:\/\/www.blocdelsabat.cat\/index.php?rest_route=%2Fwp%2Fv2%2Ftags&post=961"}],"curies":[{"name":"wp","href":"https:\/\/api.w.org\/{rel}","templated":true}]}}