{"id":966,"date":"2010-01-25T15:49:00","date_gmt":"2010-01-25T15:49:00","guid":{"rendered":"http:\/\/peresabat.wordpress.com\/2010\/01\/25\/euskal-herria-en-moviment"},"modified":"2010-01-25T15:49:00","modified_gmt":"2010-01-25T15:49:00","slug":"euskal-herria-en-moviment","status":"publish","type":"post","link":"https:\/\/www.blocdelsabat.cat\/?p=966","title":{"rendered":"Euskal Herria en Moviment"},"content":{"rendered":"<p><a href=\"http:\/\/peresabat.files.wordpress.com\/2010\/01\/ikurric3b1a1.jpg\"><img decoding=\"async\" src=\"http:\/\/peresabat.files.wordpress.com\/2010\/01\/ikurric3b1a1.jpg?w=300\" alt=\"\" border=\"0\" \/><\/a><br \/>\n<br \/><!--[if gte mso 9]&gt;     Normal   0         21         false   false   false      ES   X-NONE   X-NONE                                                     MicrosoftInternetExplorer4                                                   &lt;![endif]--><!--[if gte mso 9]&gt;                                                                                                                                                                                                                                                                                                                                                                                                                                &lt;![endif]--> <!--  \/* Font Definitions *\/  @font-face \t{font-family:\"Cambria Math\"; \tpanose-1:2 4 5 3 5 4 6 3 2 4; \tmso-font-charset:1; \tmso-generic-font-family:roman; \tmso-font-format:other; \tmso-font-pitch:variable; \tmso-font-signature:0 0 0 0 0 0;} @font-face \t{font-family:Calibri; \tpanose-1:2 15 5 2 2 2 4 3 2 4; \tmso-font-charset:0; \tmso-generic-font-family:swiss; \tmso-font-pitch:variable; \tmso-font-signature:-1610611985 1073750139 0 0 159 0;}  \/* Style Definitions *\/  p.MsoNormal, li.MsoNormal, div.MsoNormal \t{mso-style-unhide:no; \tmso-style-qformat:yes; \tmso-style-parent:\"\"; \tmargin-top:0cm; \tmargin-right:0cm; \tmargin-bottom:10.0pt; \tmargin-left:0cm; \tline-height:115%; \tmso-pagination:widow-orphan; \tfont-size:11.0pt; \tfont-family:\"Calibri\",\"sans-serif\"; \tmso-ascii-font-family:Calibri; \tmso-ascii-theme-font:minor-latin; \tmso-fareast-font-family:Calibri; \tmso-fareast-theme-font:minor-latin; \tmso-hansi-font-family:Calibri; \tmso-hansi-theme-font:minor-latin; \tmso-bidi-font-family:\"Times New Roman\"; \tmso-bidi-theme-font:minor-bidi; \tmso-fareast-language:EN-US;} .MsoChpDefault \t{mso-style-type:export-only; \tmso-default-props:yes; \tmso-ascii-font-family:Calibri; \tmso-ascii-theme-font:minor-latin; \tmso-fareast-font-family:Calibri; \tmso-fareast-theme-font:minor-latin; \tmso-hansi-font-family:Calibri; \tmso-hansi-theme-font:minor-latin; \tmso-bidi-font-family:\"Times New Roman\"; \tmso-bidi-theme-font:minor-bidi; \tmso-fareast-language:EN-US;} .MsoPapDefault \t{mso-style-type:export-only; \tmargin-bottom:10.0pt; \tline-height:115%;} @page Section1 \t{size:612.0pt 792.0pt; \tmargin:70.85pt 3.0cm 70.85pt 3.0cm; \tmso-header-margin:36.0pt; \tmso-footer-margin:36.0pt; \tmso-paper-source:0;} div.Section1 \t{page:Section1;} --> <!--[if gte mso 10]&gt;   \/* Style Definitions *\/  table.MsoNormalTable \t{mso-style-name:\"Taula normal\"; \tmso-tstyle-rowband-size:0; \tmso-tstyle-colband-size:0; \tmso-style-noshow:yes; \tmso-style-priority:99; \tmso-style-qformat:yes; \tmso-style-parent:\"\"; \tmso-padding-alt:0cm 5.4pt 0cm 5.4pt; \tmso-para-margin-top:0cm; \tmso-para-margin-right:0cm; \tmso-para-margin-bottom:10.0pt; \tmso-para-margin-left:0cm; \tline-height:115%; \tmso-pagination:widow-orphan; \tfont-size:11.0pt; \tfont-family:\"Calibri\",\"sans-serif\"; \tmso-ascii-font-family:Calibri; \tmso-ascii-theme-font:minor-latin; \tmso-fareast-font-family:SimSun; \tmso-fareast-theme-font:minor-fareast; \tmso-hansi-font-family:Calibri; \tmso-hansi-theme-font:minor-latin;}  &lt;![endif]-->  <\/p>\n<p style=\"text-align:justify;font-family:arial;\" class=\"MsoNormal\"><span style=\"font-size:130%;\"><span lang=\"CA\">ETA<span>  <\/span>la setmana passada va fer p\u00fablic un nou comunicat en qu\u00e8 apostava per acceptar que la via pol\u00edtica era la \u00fanica que podia portar a Euskal Herria a fer un pas endavant per arribar a la llibertat. Aquest comunicat, per\u00f2, no afirmava el que tothom vol sentir d\u2019ETA: que deixa les armes. <\/span><\/span><\/p>\n<div style=\"text-align:justify;font-family:arial;\">  <\/div>\n<p style=\"text-align:justify;font-family:arial;\" class=\"MsoNormal\"><span style=\"font-size:130%;\"><span lang=\"CA\">Tot i ser certa la sent\u00e8ncia de qu\u00e8 les \u00faniques paraules que es vol sentir de la banda \u00e9s la seva voluntat de deixar les armes, no deixa de ser menys cert que el pas que fa la banda \u00e9s important. \u00c9s important perqu\u00e8 actualment est\u00e0 en marxa la redefinici\u00f3 de l\u2019estrat\u00e8gia de l\u2019esquerra abertzale en quan a les maneres amb qu\u00e8 el moviment independentista ha de lluitar per acomplir els seus objectius. La declaraci\u00f3 d\u2019Alssasua aposta clarament per la via \u00fanicament pol\u00edtica, i per tant, amb l\u2019exclusi\u00f3 de la viol\u00e8ncia com a eina. <\/span><\/span><\/p>\n<div style=\"text-align:justify;font-family:arial;\">  <\/div>\n<p style=\"text-align:justify;font-family:arial;\" class=\"MsoNormal\"><span style=\"font-size:130%;\"><span lang=\"CA\">Per tant, costa una mica d\u2019entendre les valoracions que s\u2019han fet d\u2019aquest comunicat d\u2019ETA, que repeteixo que sense ser el que s\u2019espera va per el bon cam\u00ed. Que PP i PSOE seguirien amb el seu discurs del qu\u00e8 tot segueix igual i que no hi ha la possibilitat de qu\u00e8 l\u2019esquerra abertzale passi a ser legal per la seva relaci\u00f3 amb ETA s\u2019esperava, amb tot sorpr\u00e8n la manera amb qu\u00e8 Aralar i PNV han interpretat la declaraci\u00f3 d\u2019ETA. <\/span><\/span><\/p>\n<div style=\"text-align:justify;font-family:arial;\">  <\/div>\n<p style=\"text-align:justify;font-family:arial;\" class=\"MsoNormal\"><span style=\"font-size:130%;\"><span lang=\"CA\">Tan PNV com Aralar han afirmat que, calcant quasi el discurs d\u2019Ares i Rubalcaba, que ETA nom\u00e9s ha de parlar quan digui que deixa les armes. Com si fos tan senzill despr\u00e8s de 50 anys de lluita i sense unes condicions pactades amb el govern de l\u2019estat. Qu\u00e8 passa amb els presos? Hi haur\u00e0 reinserci\u00f3? En definitiva, que per deixar les armes s\u2019ha de negociar.<\/span><\/span><\/p>\n<div style=\"text-align:justify;font-family:arial;\">  <\/div>\n<p style=\"text-align:justify;font-family:arial;\" class=\"MsoNormal\"><span style=\"font-size:130%;\"><span lang=\"CA\">Fa ll\u00e0stima el PNV que sembla haver oblidat del tot la posici\u00f3 sobiranista d\u2019Ibarretxe, ja que de moment l\u2019\u00fanic que intenten \u00e9s ser el bon amic del govern dels ultra Patxi-Bassagoiti. I Aralar que s\u2019ha preocupant m\u00e9s de seguir la seva estrat\u00e8gia de cr\u00e9ixer com a esquerra abertzale legal a costa de Batasuna. La q\u00fcesti\u00f3 \u00e9s que si el proc\u00e9s tira endavant i Batasuna assumeix que \u00fanicament la via pol\u00edtica \u00e9s legitima, tindr\u00e0 encara Aralar la temptaci\u00f3 d\u2019obviar la crida al front independentista d\u2019esquerres i seguir per lliure?<\/span><\/span><\/p>\n<div style=\"text-align:justify;font-family:arial;\">  <\/div>\n<p style=\"text-align:justify;font-family:arial;\" class=\"MsoNormal\"><span style=\"font-size:130%;\"><span lang=\"CA\">Les peces al Pa\u00eds Basc comencen a canviar i a moure\u2019s. Ara tot queda parat a falta de veure si tothom t\u00e9 l\u2019al\u00e7ada pol\u00edtica que el moment requereix. <span> <\/span><\/span><\/span><\/p>\n<div style=\"text-align:justify;font-family:arial;\">  <\/div>\n<p style=\"text-align:justify;font-family:arial;\" class=\"MsoNormal\"><span style=\"font-size:130%;\"><span lang=\"CA\"> <\/span><\/span><\/p>\n<div class=\"blogger-post-footer\"><img width='1' height='1' src='https:\/\/blogger.googleusercontent.com\/tracker\/2467933452740288616-8333084835842755227?l=peresabat.blogspot.com' alt='' \/><\/div>\n","protected":false},"excerpt":{"rendered":"<p>ETA la setmana passada va fer p\u00fablic un nou comunicat en qu\u00e8 apostava per acceptar que la via pol\u00edtica era la \u00fanica que podia portar a Euskal Herria a fer un pas endavant per arribar a la llibertat. Aquest comunicat, per\u00f2, no afirmava el que tothom vol sentir d\u2019ETA: que deixa les armes. Tot i&#8230;<\/p>\n","protected":false},"author":2,"featured_media":0,"comment_status":"open","ping_status":"open","sticky":false,"template":"","format":"standard","meta":{"footnotes":""},"categories":[26],"tags":[],"class_list":["post-966","post","type-post","status-publish","format-standard","hentry","category-uncategorized"],"_links":{"self":[{"href":"https:\/\/www.blocdelsabat.cat\/index.php?rest_route=\/wp\/v2\/posts\/966","targetHints":{"allow":["GET"]}}],"collection":[{"href":"https:\/\/www.blocdelsabat.cat\/index.php?rest_route=\/wp\/v2\/posts"}],"about":[{"href":"https:\/\/www.blocdelsabat.cat\/index.php?rest_route=\/wp\/v2\/types\/post"}],"author":[{"embeddable":true,"href":"https:\/\/www.blocdelsabat.cat\/index.php?rest_route=\/wp\/v2\/users\/2"}],"replies":[{"embeddable":true,"href":"https:\/\/www.blocdelsabat.cat\/index.php?rest_route=%2Fwp%2Fv2%2Fcomments&post=966"}],"version-history":[{"count":0,"href":"https:\/\/www.blocdelsabat.cat\/index.php?rest_route=\/wp\/v2\/posts\/966\/revisions"}],"wp:attachment":[{"href":"https:\/\/www.blocdelsabat.cat\/index.php?rest_route=%2Fwp%2Fv2%2Fmedia&parent=966"}],"wp:term":[{"taxonomy":"category","embeddable":true,"href":"https:\/\/www.blocdelsabat.cat\/index.php?rest_route=%2Fwp%2Fv2%2Fcategories&post=966"},{"taxonomy":"post_tag","embeddable":true,"href":"https:\/\/www.blocdelsabat.cat\/index.php?rest_route=%2Fwp%2Fv2%2Ftags&post=966"}],"curies":[{"name":"wp","href":"https:\/\/api.w.org\/{rel}","templated":true}]}}