{"id":971,"date":"2010-01-29T17:14:00","date_gmt":"2010-01-29T17:14:00","guid":{"rendered":"http:\/\/peresabat.wordpress.com\/2010\/01\/29\/dilluns-tarda-de-cine"},"modified":"2010-01-29T17:14:00","modified_gmt":"2010-01-29T17:14:00","slug":"dilluns-tarda-de-cine","status":"publish","type":"post","link":"https:\/\/www.blocdelsabat.cat\/?p=971","title":{"rendered":"Dilluns: Tarda de Cine!"},"content":{"rendered":"<p><a href=\"http:\/\/peresabat.files.wordpress.com\/2010\/01\/catala1.jpg\"><img decoding=\"async\" border=\"0\" alt=\"\" src=\"http:\/\/peresabat.files.wordpress.com\/2010\/01\/catala1.jpg?w=300\" \/><\/a><\/p>\n<div align=\"justify\"><span style=\"font-family:arial;font-size:130%;\">Sembla que ara s\u00ed que es far\u00e0 seriosament. Gaireb\u00e9 10 anys despr\u00e8s de qu\u00e8 el govern de Jordi Pujol renunci\u00e9s a tirar endavant una llei per normalitzar l\u2019\u00fas del catal\u00e0 als cinemes, ara sembla que el Govern va en serio. La llei tira endavant i com a mostra m\u00e9s exemplificadora, la penosa resposta dels empresaris del ram que aniran a la vaga amb el lema absolutament demag\u00f2gic de \u201cCatal\u00e0 i feina S\u00ed; Quotes i atur No\u201d.<\/p>\n<p>Que els cinemes facin vaga realment \u00e9s un tema que, tot i tenir-hi tot el dret del m\u00f3n, no ho comparteixo en absolut. Els cinemes diuen fer vaga en contra de les quotes imposades en la nova llei, unes quotes que, recordem-ho, no caldrien si hi hagu\u00e9s cinema en catal\u00e0. Per\u00f2 el cas \u00e9s que l\u2019\u00fanica quota que hi ha actualment \u00e9s la del 3%, un irrisori 3% de cinema amb la llengua pr\u00f2pia de Catalunya. Els que es queixen d\u2019imposicions i tal el que haurien de pensar \u00e9s qu\u00e8 dirien si en la seva llengua nom\u00e9s poguessin veure un 3% de les pel\u00b7l\u00edcules. Protestarien, oi? I oi que tamb\u00e9 intentarien que es normalitz\u00e9s la situaci\u00f3 de la seva llengua en aquest \u00e0mbit? Doncs aix\u00f2 \u00e9s el que fa la llei. La llei normalitza una anormalitat. Aix\u00ed de simple.<\/p>\n<p>Fent un r\u00e0pid rep\u00e0s per el facebook es pot observar que han sortit tot d\u2019iniciatives en qu\u00e8 es convida a fer un contra-boicot. Per una banda es crida als usuaris a donar l\u2019esquena als cinemes que faran vaga aquest pr\u00f2xim dilluns 1 de febrer, entre els quals el Kubrick de Vilafranca o els Oscar del Vendrell, fent d\u2019aquesta manera visible que amb amenaces no aconseguiran modificar la llei. Per\u00f2 a m\u00e9s a m\u00e9s han sorgit altres accions com les que criden a anar als cinemes que si que obren el dilluns, una de destacada \u00e9s la que ha iniciat el candidat a la Generalitat d\u2019Esquerra, que anima a tothom a anar al cinema Alexandra de Barcelona a les 14:00h per veure \u201cEl Petit Indi\u201d.<\/p>\n<p>Aquestes propostes responen de manera c\u00edvica als intents dels lobbies del sector que pretenen desdibuixar, i fins i tot retirar, la llei per tal de fer-la inn\u00f2cua mitjan\u00e7ant tot tipus de pressions, i la vaga \u00e9s nom\u00e9s una mostra d\u2019aquestes. N\u2019hi poden haver m\u00e9s. La q\u00fcesti\u00f3 \u00e9s tenir clar que aquest cop la llei tirar\u00e0 endavant, i que tot i que els lobbies hagin obligat a CiU a demanar rebaixar el llist\u00f3 del 50% de pel\u00b7l\u00edcules en catal\u00e0, el govern ser\u00e0 ferm i far\u00e0 aprovar aquesta llei, una llei que, curiosament, hauria de fer les del\u00edcies m\u00e9s dolces a tota la plaga d\u2019energ\u00famens espanyolistes\/biling\u00fc\u00edstes ja que el text proposa 50% a 50%, per\u00f2 que, v\u00e9s quina not\u00edcia, tamb\u00e9 s\u2019hi ha mostrat en contra davant \u201cles imposicions\u201d.<\/p>\n<p>Per tal de respondre a l\u2019atac de provincianisme dels cinemes que faran vaga, per tal de respondre a les pressions dels lobbies del sector i a tot l\u2019entramat d\u2019organitzacions espanyolistes: Dilluns tothom als cinemes que obriran!<br \/><\/span><\/div>\n<div class=\"blogger-post-footer\"><img width='1' height='1' src='https:\/\/blogger.googleusercontent.com\/tracker\/2467933452740288616-3610217068842521253?l=peresabat.blogspot.com' alt='' \/><\/div>\n","protected":false},"excerpt":{"rendered":"<p>Sembla que ara s\u00ed que es far\u00e0 seriosament. Gaireb\u00e9 10 anys despr\u00e8s de qu\u00e8 el govern de Jordi Pujol renunci\u00e9s a tirar endavant una llei per normalitzar l\u2019\u00fas del catal\u00e0 als cinemes, ara sembla que el Govern va en serio. La llei tira endavant i com a mostra m\u00e9s exemplificadora, la penosa resposta dels empresaris&#8230;<\/p>\n","protected":false},"author":2,"featured_media":0,"comment_status":"open","ping_status":"open","sticky":false,"template":"","format":"standard","meta":{"footnotes":""},"categories":[26],"tags":[],"class_list":["post-971","post","type-post","status-publish","format-standard","hentry","category-uncategorized"],"_links":{"self":[{"href":"https:\/\/www.blocdelsabat.cat\/index.php?rest_route=\/wp\/v2\/posts\/971","targetHints":{"allow":["GET"]}}],"collection":[{"href":"https:\/\/www.blocdelsabat.cat\/index.php?rest_route=\/wp\/v2\/posts"}],"about":[{"href":"https:\/\/www.blocdelsabat.cat\/index.php?rest_route=\/wp\/v2\/types\/post"}],"author":[{"embeddable":true,"href":"https:\/\/www.blocdelsabat.cat\/index.php?rest_route=\/wp\/v2\/users\/2"}],"replies":[{"embeddable":true,"href":"https:\/\/www.blocdelsabat.cat\/index.php?rest_route=%2Fwp%2Fv2%2Fcomments&post=971"}],"version-history":[{"count":0,"href":"https:\/\/www.blocdelsabat.cat\/index.php?rest_route=\/wp\/v2\/posts\/971\/revisions"}],"wp:attachment":[{"href":"https:\/\/www.blocdelsabat.cat\/index.php?rest_route=%2Fwp%2Fv2%2Fmedia&parent=971"}],"wp:term":[{"taxonomy":"category","embeddable":true,"href":"https:\/\/www.blocdelsabat.cat\/index.php?rest_route=%2Fwp%2Fv2%2Fcategories&post=971"},{"taxonomy":"post_tag","embeddable":true,"href":"https:\/\/www.blocdelsabat.cat\/index.php?rest_route=%2Fwp%2Fv2%2Ftags&post=971"}],"curies":[{"name":"wp","href":"https:\/\/api.w.org\/{rel}","templated":true}]}}