{"id":976,"date":"2010-02-03T19:13:00","date_gmt":"2010-02-03T19:13:00","guid":{"rendered":"http:\/\/peresabat.wordpress.com\/2010\/02\/03\/vegueria-penedes-mes-a-prop"},"modified":"2010-02-03T19:13:00","modified_gmt":"2010-02-03T19:13:00","slug":"vegueria-penedes-mes-a-prop","status":"publish","type":"post","link":"https:\/\/www.blocdelsabat.cat\/?p=976","title":{"rendered":"Vegueria Pened\u00e8s, M\u00e9s a Prop"},"content":{"rendered":"<p><a href=\"http:\/\/peresabat.files.wordpress.com\/2010\/02\/volemvp1.gif\"><img decoding=\"async\" border=\"0\" alt=\"\" src=\"http:\/\/peresabat.files.wordpress.com\/2010\/02\/volemvp1.gif?w=140\" \/><\/a><\/p>\n<div align=\"justify\"><span style=\"font-family:arial;font-size:130%;\">Ja tenim Llei de Vegueries. En la reuni\u00f3 del Consell Executiu del Govern de la Generalitat, es va aprovar la norma que permetr\u00e0 la implementaci\u00f3 de la nova divisi\u00f3 territorial a Catalunya, i no \u00e9s poca cosa.<br \/>Des de qu\u00e8 l\u2019any 1833 el Govern espanyol ens impos\u00e9s el seu model provincial fet des d\u2019una \u00f2ptica centralista, allunyada de la realitat territorial i pensada en espanyol, Catalunya ha arrossegat sempre aquesta c\u00e0rrega que dividia el pa\u00eds de manera irracional.<br \/>Durant l\u2019\u00e8poca daurada del segle XX amb la Generalitat republicana es va iniciar el proc\u00e9s per resoldre l\u2019error provincial, per\u00f2 la Guerra d\u2019Espanya, com tantes altres coses, ho va tirar a terra. No ha estat fins ara que Catalunya ha tirat endavant una llei pr\u00f2pia per fer una divisi\u00f3 territorial que respongui als interessos del pa\u00eds.<\/p>\n<p>Abans d\u2019entrar a considerar el qu\u00e8 de la Llei, una cosa. El Govern ha estat valent. Ha estat valent perqu\u00e8 tirar endavant una llei d\u2019aquestes caracter\u00edstiques no \u00e9s senzill, i \u00e9s evident, de qu\u00e8 mai dels mai\u2019s es podr\u00e0 satisfer a tothom. Com aix\u00ed ha estat.<\/p>\n<p>La llei contempla 7 Vegueries, i per qui s\u00e0piga comptar, aix\u00f2 vol dir que la del Pened\u00e8s no hi \u00e9s. Dir una altra cosa \u00e9s mentir. Per\u00f2 dir que el Pened\u00e8s no podr\u00e0 ser mai Vegueria tamb\u00e9 \u00e9s mentir.<br \/>El Pened\u00e8s des de fa anys que ha lluitat, i lluita, per poder ser Vegueria, la vuitena vegueria. El Pened\u00e8s a trav\u00e9s de la plataforma formada per tal iniciativa, ha aconseguit que m\u00e9s del 90% dels ajuntaments del territori es mostrin a favor de constituir-se com a Vegueria. Ha aconseguit que totes les patronals, que els sindicats, que centenars d\u2019associacions i que la majoria de partits pol\u00edtics apostin clarament per la Vegueria Pened\u00e8s. I s\u2019han aconseguit \u00e8xits, com per exemple el de la creaci\u00f3 de l\u2019\u00e0mbit funcional territorial. Ara sembla per\u00f2 que des de certs partits i des de certes associacions es vegi tot perdut.<\/p>\n<p>No hi estic d\u2019acord. Crec que no tot est\u00e0 perdut, al contrari. Avui \u00e9s m\u00e9s possible tenir vegueria Pened\u00e8s que ahir. Avui tenim la llei de vegueries que tot i no contemplar la vuitena vegueria si que cont\u00e9 la manera de com crear-ne de noves mitjan\u00e7ant un procediment relativament senzill en el cas del Pened\u00e8s. Per tenir Vegueria el que cal \u00e9s que 2\/3 parts dels municipis del territori que representin 2\/3 parts de la poblaci\u00f3 demanin la creaci\u00f3 de la Vegueria. Pot fer-ho el Pened\u00e8s aix\u00f2? S\u00ed. Per tant, tenir Vegueria, amb l\u2019aprovaci\u00f3 de la llei, dep\u00e8n dels penedesencs, i prou.<br \/>Fa uns dies va c\u00f3rrer la brama, iniciada per alguns amb interessos poc explicats, que per crear noves vegueries caldria l\u2019aprovaci\u00f3 dels territoris d\u2019on formessin part, \u00e9s a dir que per crear la del Pened\u00e8s caldria que el Ple de les vegueries de Barcelona, Camp de Tarragona i Central votessin a favor. Mentida. Repeteixo, amb la llei la Vegueria Pened\u00e8s dep\u00e8n de si el territori vol Vegueria.<\/p>\n<p>Alg\u00fa podria dir: per\u00f2 si el territori ja ha dit que vol Vegueria! \u00c9s veritat, per\u00f2 caldria no oblidar que el govern el formen tres partits i que d\u2019aquests nom\u00e9s un defensa la Vegueria del Pened\u00e8s i no \u00e9s precisament el majoritari. I a m\u00e9s a m\u00e9s cal tenir en compte un altre aspecte molt important. En aquesta legislatura no s\u2019aprovaran les vegueries, sin\u00f3 que l\u2019aprovaci\u00f3 es far\u00e0 la pr\u00f2xima legislatura amb una llei espec\u00edfica per cada una d\u2019elles. El Pened\u00e8s la pr\u00f2xima legislatura podr\u00e0 ser Vegueria.<\/p>\n<p>La llei \u00f2bviament no \u00e9s perfecte, no \u00e9s la que des del Pened\u00e8s es voldria. Clar, qualsevol llei que no inclogui la Vegueria Pened\u00e8s no \u00e9s la que es voldria. Per\u00f2 aquesta llei el que permet \u00e9s que l\u2019objectiu sigui possible, i per fer-ho possible l\u2019\u00fanic que cal \u00e9s que nosaltres vulguem. La llei permet no nom\u00e9s que la lluita per la Vegueria no s\u2019acabi, sin\u00f3 que sigui m\u00e9s possible del qu\u00e8 mai ha estat.<\/p>\n<p><\/span><\/div>\n<div class=\"blogger-post-footer\"><img width='1' height='1' src='https:\/\/blogger.googleusercontent.com\/tracker\/2467933452740288616-3524288164722495674?l=peresabat.blogspot.com' alt='' \/><\/div>\n","protected":false},"excerpt":{"rendered":"<p>Ja tenim Llei de Vegueries. En la reuni\u00f3 del Consell Executiu del Govern de la Generalitat, es va aprovar la norma que permetr\u00e0 la implementaci\u00f3 de la nova divisi\u00f3 territorial a Catalunya, i no \u00e9s poca cosa.Des de qu\u00e8 l\u2019any 1833 el Govern espanyol ens impos\u00e9s el seu model provincial fet des d\u2019una \u00f2ptica centralista,&#8230;<\/p>\n","protected":false},"author":2,"featured_media":0,"comment_status":"open","ping_status":"open","sticky":false,"template":"","format":"standard","meta":{"footnotes":""},"categories":[26],"tags":[],"class_list":["post-976","post","type-post","status-publish","format-standard","hentry","category-uncategorized"],"_links":{"self":[{"href":"https:\/\/www.blocdelsabat.cat\/index.php?rest_route=\/wp\/v2\/posts\/976","targetHints":{"allow":["GET"]}}],"collection":[{"href":"https:\/\/www.blocdelsabat.cat\/index.php?rest_route=\/wp\/v2\/posts"}],"about":[{"href":"https:\/\/www.blocdelsabat.cat\/index.php?rest_route=\/wp\/v2\/types\/post"}],"author":[{"embeddable":true,"href":"https:\/\/www.blocdelsabat.cat\/index.php?rest_route=\/wp\/v2\/users\/2"}],"replies":[{"embeddable":true,"href":"https:\/\/www.blocdelsabat.cat\/index.php?rest_route=%2Fwp%2Fv2%2Fcomments&post=976"}],"version-history":[{"count":0,"href":"https:\/\/www.blocdelsabat.cat\/index.php?rest_route=\/wp\/v2\/posts\/976\/revisions"}],"wp:attachment":[{"href":"https:\/\/www.blocdelsabat.cat\/index.php?rest_route=%2Fwp%2Fv2%2Fmedia&parent=976"}],"wp:term":[{"taxonomy":"category","embeddable":true,"href":"https:\/\/www.blocdelsabat.cat\/index.php?rest_route=%2Fwp%2Fv2%2Fcategories&post=976"},{"taxonomy":"post_tag","embeddable":true,"href":"https:\/\/www.blocdelsabat.cat\/index.php?rest_route=%2Fwp%2Fv2%2Ftags&post=976"}],"curies":[{"name":"wp","href":"https:\/\/api.w.org\/{rel}","templated":true}]}}